{"id":40298,"date":"2025-03-18T07:45:07","date_gmt":"2025-03-18T07:45:07","guid":{"rendered":"https:\/\/247stiri.ro\/index.php\/2025\/03\/18\/fermierii-italieni-exasperati-de-romanii-care-le-fura-tractoarele-apel-de-urgenta-catre-ambasada-romaniei-ce-li-se-pregateste\/"},"modified":"2025-03-18T07:45:07","modified_gmt":"2025-03-18T07:45:07","slug":"fermierii-italieni-exasperati-de-romanii-care-le-fura-tractoarele-apel-de-urgenta-catre-ambasada-romaniei-ce-li-se-pregateste","status":"publish","type":"post","link":"https:\/\/247stiri.ro\/index.php\/2025\/03\/18\/fermierii-italieni-exasperati-de-romanii-care-le-fura-tractoarele-apel-de-urgenta-catre-ambasada-romaniei-ce-li-se-pregateste\/","title":{"rendered":"Fermierii italieni, exaspera\u021bi de rom\u00e2nii care le fur\u0103 tractoarele. Apel de urgen\u021b\u0103 c\u0103tre Ambasada Rom\u00e2niei, ce li se preg\u0103te\u0219te?"},"content":{"rendered":"<p class=\"selectable-text copyable-text x15bjb6t x1n2onr6\">Fermierii din regiunea Piemont, Italia, se confrunt\u0103 cu un val alarmant de furturi de tractoare, un fenomen care le pericliteaz\u0103 activitatea agricol\u0103 chiar \u00een perioada de v\u00e2rf a lucr\u0103rilor de prim\u0103var\u0103, scrie <a href=\"https:\/\/www.stiridiaspora.ro\/fermierii-italieni-sunt-exasperati-de-romanii-care-le-fura-tractoarele-nu-mai-au-cu-ce-sa-munceasca-pamantul_525337.html\" target=\"_blank\">\u0218tiri Diaspora<\/a>, cit\u00e2nd <a href=\"https:\/\/www.lastampa.it\/cuneo\/2025\/03\/16\/news\/una_regia_dietro_ai_trattori_rubati_nelle_campagne_cuneesi_e_spediti_nei_paesi_dell_est_europa-15055178\/\" target=\"_blank\">La Stampa.<\/a><\/p>\n<p class=\"selectable-text copyable-text x15bjb6t x1n2onr6\">Potrivit publica\u021biei , agricultorii spun c\u0103 utilajele, unele \u00een valoare de sute de mii de euro, sunt furate \u0219i transportate \u00een Rom\u00e2nia, iar procesul de recuperare este \u00eengreunat de birocra\u021bie. Numai \u00een provincia Cuneo, \u00een 2023, au fost raportate cel pu\u021bin 30 de cazuri de furt de tractoare, de la modele mici, estimate la 40.000 de euro, p\u00e2n\u0103 la unele sofisticate, care ajung la 200.000 de euro. <\/p>\n<p class=\"selectable-text copyable-text x15bjb6t x1n2onr6\">Tractoarele furate sunt rapid modificate \u2013 li se scot pl\u0103cu\u021bele de \u00eenmatriculare \u0219i sunt \u00eenc\u0103rcate \u00een camioane, fiind transportate c\u0103tre \u021b\u0103rile din Europa de Est, \u00een special \u00een Rom\u00e2nia.<\/p>\n<p class=\"selectable-text copyable-text x15bjb6t x1n2onr6\">Una dintre cele mai mari organiza\u021bii agricole italiene, a tras un semnal de alarm\u0103, subliniind c\u0103 repatrierea utilajelor din str\u0103in\u0103tate implic\u0103 o procedur\u0103 birocratic\u0103 dificil\u0103 \u0219i costuri ridicate pentru fermieri.\u00a0<\/p>\n<p class=\"selectable-text copyable-text x15bjb6t x1n2onr6\">Nu mai departe de toamna trecut\u0103, un rom\u00e2n de 34 de ani, b\u0103nuit a fi parte din banda &#8222;agricultorilor rom\u00e2ni&#8221;, a fost arestat de carabinieri. Potrivit autorit\u0103\u021bilor, acesta f\u0103cea parte dintr-o re\u021bea bine organizat\u0103 care, \u00een ultimii ani, a comis numeroase furturi de vehicule agricole pe \u00eentreg teritoriul Italiei. C<\/p>\n<p class=\"selectable-text copyable-text x15bjb6t x1n2onr6\"> A\u0219a-numita band\u0103 a &#8222;agricultorilor rom\u00e2ni&#8221; a dat lovitura \u0219i \u00een Spania. Trei tractoare evaluate la 300.000 de euro au fost recuperate poli\u021bi\u0219ti \u00een noiembrie anul trecut, iar un b\u0103rbat de 40 de ani care transporta utilaje furate \u00eentr-un camion cu documente false a fost re\u021binut. <\/p>","protected":false},"excerpt":{"rendered":"<p>Fermierii din regiunea Piemont, Italia, se confrunt\u0103 cu un val alarmant de furturi de tractoare,&hellip;<\/p>\n","protected":false},"author":0,"featured_media":40299,"comment_status":"open","ping_status":"open","sticky":false,"template":"","format":"standard","meta":{"footnotes":""},"categories":[2],"tags":[],"class_list":["post-40298","post","type-post","status-publish","format-standard","has-post-thumbnail","hentry","category-actual"],"_links":{"self":[{"href":"https:\/\/247stiri.ro\/index.php\/wp-json\/wp\/v2\/posts\/40298","targetHints":{"allow":["GET"]}}],"collection":[{"href":"https:\/\/247stiri.ro\/index.php\/wp-json\/wp\/v2\/posts"}],"about":[{"href":"https:\/\/247stiri.ro\/index.php\/wp-json\/wp\/v2\/types\/post"}],"replies":[{"embeddable":true,"href":"https:\/\/247stiri.ro\/index.php\/wp-json\/wp\/v2\/comments?post=40298"}],"version-history":[{"count":0,"href":"https:\/\/247stiri.ro\/index.php\/wp-json\/wp\/v2\/posts\/40298\/revisions"}],"wp:featuredmedia":[{"embeddable":true,"href":"https:\/\/247stiri.ro\/index.php\/wp-json\/wp\/v2\/media\/40299"}],"wp:attachment":[{"href":"https:\/\/247stiri.ro\/index.php\/wp-json\/wp\/v2\/media?parent=40298"}],"wp:term":[{"taxonomy":"category","embeddable":true,"href":"https:\/\/247stiri.ro\/index.php\/wp-json\/wp\/v2\/categories?post=40298"},{"taxonomy":"post_tag","embeddable":true,"href":"https:\/\/247stiri.ro\/index.php\/wp-json\/wp\/v2\/tags?post=40298"}],"curies":[{"name":"wp","href":"https:\/\/api.w.org\/{rel}","templated":true}]}}