{"id":40305,"date":"2025-03-18T07:45:09","date_gmt":"2025-03-18T07:45:09","guid":{"rendered":"https:\/\/247stiri.ro\/index.php\/2025\/03\/18\/provizoriul-bolojan-pregateste-schimbari-pentru-campanie-desi-nu-intra-in-atributiile-sale\/"},"modified":"2025-03-18T07:45:09","modified_gmt":"2025-03-18T07:45:09","slug":"provizoriul-bolojan-pregateste-schimbari-pentru-campanie-desi-nu-intra-in-atributiile-sale","status":"publish","type":"post","link":"https:\/\/247stiri.ro\/index.php\/2025\/03\/18\/provizoriul-bolojan-pregateste-schimbari-pentru-campanie-desi-nu-intra-in-atributiile-sale\/","title":{"rendered":"Provizoriul Bolojan preg\u0103te\u0219te schimb\u0103ri pentru campanie, de\u0219i nu intr\u0103 \u00een atribu\u021biile sale"},"content":{"rendered":"<p>\u201dS-a discutat despre organizarea propriu-zis\u0103 a alegerilor. \u00cen plan intern, AEP \u015fi MAI au confirmat ca sunt \u00een grafic. \u00cen plan extern, s-a convenit s\u0103 avem cel pu\u0163in acela\u015fi num\u0103r de sec\u0163ii de vot, s\u0103 nu fie probleme din acest punct de vedere, mai ales c\u0103 \u00een Polonia \u015fi Portugalia se suprapun cu alegeri interne\u201d, a transmis, luni, Administra\u0163ia Preziden\u0163ial\u0103.\u00a0<\/p>\n<p>Potrivit sursei citate, p\u00e2n\u0103 la sf\u00e2r\u015fitul lunii martie vor fi definitivate loca\u0163iile pentru sec\u0163iile de vot \u015fi comunicate public.<\/p>\n<p>\u00a0\u201d\u00cen ceea ce prive\u015fte desf\u0103\u015furarea campaniei electorale \u00een mediul online, institu\u0163iile competente trebuie s\u0103 aplice legile \u00een vigoare, pentru combaterea con\u0163inutului ilegal\u201d, mai arat\u0103 Pre\u0219edin\u021bia.<\/p>\n<p>\u00cen \u0219edin\u021ba de luni, de la Palatul Cotroceni, s-a convenit, de asemenea, s\u0103 se fac\u0103 un grup de lucru pentru o bun\u0103 coordonare \u015fi colaborare \u00eentre AEP, BEC, CNA \u015fi ANCOM.<\/p>","protected":false},"excerpt":{"rendered":"<p>\u201dS-a discutat despre organizarea propriu-zis\u0103 a alegerilor. \u00cen plan intern, AEP \u015fi MAI au confirmat&hellip;<\/p>\n","protected":false},"author":0,"featured_media":40295,"comment_status":"open","ping_status":"open","sticky":false,"template":"","format":"standard","meta":{"footnotes":""},"categories":[2],"tags":[],"class_list":["post-40305","post","type-post","status-publish","format-standard","has-post-thumbnail","hentry","category-actual"],"_links":{"self":[{"href":"https:\/\/247stiri.ro\/index.php\/wp-json\/wp\/v2\/posts\/40305","targetHints":{"allow":["GET"]}}],"collection":[{"href":"https:\/\/247stiri.ro\/index.php\/wp-json\/wp\/v2\/posts"}],"about":[{"href":"https:\/\/247stiri.ro\/index.php\/wp-json\/wp\/v2\/types\/post"}],"replies":[{"embeddable":true,"href":"https:\/\/247stiri.ro\/index.php\/wp-json\/wp\/v2\/comments?post=40305"}],"version-history":[{"count":0,"href":"https:\/\/247stiri.ro\/index.php\/wp-json\/wp\/v2\/posts\/40305\/revisions"}],"wp:featuredmedia":[{"embeddable":true,"href":"https:\/\/247stiri.ro\/index.php\/wp-json\/wp\/v2\/media\/40295"}],"wp:attachment":[{"href":"https:\/\/247stiri.ro\/index.php\/wp-json\/wp\/v2\/media?parent=40305"}],"wp:term":[{"taxonomy":"category","embeddable":true,"href":"https:\/\/247stiri.ro\/index.php\/wp-json\/wp\/v2\/categories?post=40305"},{"taxonomy":"post_tag","embeddable":true,"href":"https:\/\/247stiri.ro\/index.php\/wp-json\/wp\/v2\/tags?post=40305"}],"curies":[{"name":"wp","href":"https:\/\/api.w.org\/{rel}","templated":true}]}}