{"id":40314,"date":"2025-03-18T08:44:53","date_gmt":"2025-03-18T08:44:53","guid":{"rendered":"https:\/\/247stiri.ro\/index.php\/2025\/03\/18\/de-la-concert-direct-pe-masa-de-operatie-jandarmii-si-agentii-unei-firme-de-paza-acuzati-de-violente-in-cazul-unui-tanar-de-24-de-ani\/"},"modified":"2025-03-18T08:44:53","modified_gmt":"2025-03-18T08:44:53","slug":"de-la-concert-direct-pe-masa-de-operatie-jandarmii-si-agentii-unei-firme-de-paza-acuzati-de-violente-in-cazul-unui-tanar-de-24-de-ani","status":"publish","type":"post","link":"https:\/\/247stiri.ro\/index.php\/2025\/03\/18\/de-la-concert-direct-pe-masa-de-operatie-jandarmii-si-agentii-unei-firme-de-paza-acuzati-de-violente-in-cazul-unui-tanar-de-24-de-ani\/","title":{"rendered":"De la concert, direct pe masa de opera\u021bie. Jandarmii \u0219i agen\u021bii unei firme de paz\u0103, acuza\u021bi de VIOLEN\u021aE \u00een cazul unui t\u00e2n\u0103r de 24 de ani"},"content":{"rendered":"<p>Incidentul s-a petrecut la ie\u0219irea din aren\u0103. Una dintre tinerele implicate a relatat c\u0103 totul a pornit de la o alterca\u021bie cu agen\u021bii de paz\u0103, relateaz\u0103 \u0218tiri de Cluj.<\/p>\n<p>\u201eEu eram \u00een fa\u021b\u0103, el era dup\u0103 mine. El s-a \u00eempiedicat de o balustrad\u0103 \u0219i bodyguarzii l-au luat c\u0103 &#8222;Ce, e\u0219ti \u0219mecher? Faci d-astea?&#8221; L-au pus dintr-o dat\u0103 pe jos&#8221;, a povestit iubita victimei.<\/p>\n\n<p>Firma de paz\u0103 a apelat serviciul de urgen\u021b\u0103 112, dar situa\u021bia a degenerat la sosirea jandarmilor.<\/p>\n<p>Conform martorilor, interven\u021bia for\u021belor de ordine ar fost extrem de brutal\u0103.<\/p>\n<p>\u201eLa un moment dat, a \u00eenceput s\u0103 devin\u0103 incon\u0219tient. \u00cei curgea s\u00e2nge din ochi, din nas, din gur\u0103. Dup\u0103 ce a scuipat s\u00e2nge, i-a mai dat un bocanc \u00een cap&#8221;, a mai spus fata. \u00cen scandal, au mai fost implica\u021bi \u0219i al\u021bi tineri. Unul dintre ei este \u0219i el r\u0103nit.\u00a0<\/p>\n<p>Culmea este c\u0103 t\u00e2n\u0103rul de 24 de ani a fost dus la sec\u021bia de Poli\u021bie, apoi la Psihiatrie pentru o evaluare, \u00eenainte de a ajunge pe masa de opera\u021bie.<\/p>\n<p>\u201eLa ajungerea \u00een unitate, pacientul de 24 de ani prezenta multiple contuzii la nivel cranian \u0219i abdominal. Pacientul a fost transportat c\u0103tre blocul operator, unde s-a intervenit chirurgical la nivelul toracelui. \u00cen prezent, pacientul este \u00een stare stabil\u0103, internat la Terapie Intensiv\u0103&#8221;, a precizat Dorel Danciu, purt\u0103torul de cuv\u00e2nt al Spitalului Jude\u021bean Cluj-Napoca.Reac\u021bia autorit\u0103\u021bilor: Jandarmeria \u0219i firma de paz\u0103 au alt\u0103 versiune \u00a0a incidentului:<\/p>\n<p>\u201eJandarmul a ajutat t\u00e2n\u0103rul s\u0103 se ridice de la sol, dup\u0103 care i-a cerut acestuia documentul de identitate sau datele de stare civil\u0103 \u00een vederea legitim\u0103rii. \u00cen acel moment, b\u0103rbatul a devenit din nou agresiv fizic, apuc\u00e2ndu-l de g\u00e2t pe jandarm, dup\u0103 care l-a lovit cu pumnul \u00een zona fe\u021bei&#8221;, a declarat Mariana Barbu, reprezentanta Jandarmeriei Cluj.<\/p>\n<p>Aceea\u0219i pozi\u021bie este sus\u021binut\u0103 \u0219i de firma de paz\u0103.<\/p>\n<p>\u201ePersoana recalcitrant\u0103 a s\u0103rit la agentul meu, lovindu-l. A s\u0103rit \u0219i la unul dintre jandarmi&#8221;, a precizat Lucian Bot, managerul firmei de paz\u0103.<\/p>\n<p>Autorit\u0103\u021bile au demarat o anchet\u0103 pentru a stabili cu exactitate circumstan\u021bele \u00een care a avut loc alterca\u021bia \u0219i dac\u0103 for\u021ba utilizat\u0103 de jandarmi \u0219i agen\u021bii de paz\u0103 a fost justificat\u0103.<\/p>\n<p>\u0218i reprezentan\u021bii IPJ Cluj au anun\u021bat c\u0103 t\u00e2n\u0103rul este cercetat pentru ultraj<\/p>\n<p>Reprezentan\u021bii IPJ Cluj spun c\u0103, de fapt, t\u00e2n\u0103rul s-ar fi manifestat agresiv fa\u021b\u0103 de un jandarm.<\/p>\n<p>\u201e\u00cen urma evenimentului din data de 16 martie a.c., \u00een care un b\u0103rbat ar fi manifestat un comportament agresiv fa\u021b\u0103 de un jandarm \u00een municipiul Cluj-Napoca, s-a \u00eentocmit un dosar penal sub aspectul s\u0103v\u00e2r\u0219irii infrac\u021biunii de ultraj. Cercet\u0103rile sunt efectuate de Parchetul de pe l\u00e2ng\u0103 Judec\u0103toria Cluj-Napoca.De asemenea, cercetarea \u00een astfel de cazuri revine \u00een competen\u021ba strict\u0103 a procurorului conform Codului de Procedur\u0103 Penal\u0103\u201d, au transmis poli\u021bi\u0219tii clujeni.<\/p>\n<p>\u00a0<\/p>","protected":false},"excerpt":{"rendered":"<p>Incidentul s-a petrecut la ie\u0219irea din aren\u0103. Una dintre tinerele implicate a relatat c\u0103 totul&hellip;<\/p>\n","protected":false},"author":0,"featured_media":40315,"comment_status":"open","ping_status":"open","sticky":false,"template":"","format":"standard","meta":{"footnotes":""},"categories":[2],"tags":[],"class_list":["post-40314","post","type-post","status-publish","format-standard","has-post-thumbnail","hentry","category-actual"],"_links":{"self":[{"href":"https:\/\/247stiri.ro\/index.php\/wp-json\/wp\/v2\/posts\/40314","targetHints":{"allow":["GET"]}}],"collection":[{"href":"https:\/\/247stiri.ro\/index.php\/wp-json\/wp\/v2\/posts"}],"about":[{"href":"https:\/\/247stiri.ro\/index.php\/wp-json\/wp\/v2\/types\/post"}],"replies":[{"embeddable":true,"href":"https:\/\/247stiri.ro\/index.php\/wp-json\/wp\/v2\/comments?post=40314"}],"version-history":[{"count":0,"href":"https:\/\/247stiri.ro\/index.php\/wp-json\/wp\/v2\/posts\/40314\/revisions"}],"wp:featuredmedia":[{"embeddable":true,"href":"https:\/\/247stiri.ro\/index.php\/wp-json\/wp\/v2\/media\/40315"}],"wp:attachment":[{"href":"https:\/\/247stiri.ro\/index.php\/wp-json\/wp\/v2\/media?parent=40314"}],"wp:term":[{"taxonomy":"category","embeddable":true,"href":"https:\/\/247stiri.ro\/index.php\/wp-json\/wp\/v2\/categories?post=40314"},{"taxonomy":"post_tag","embeddable":true,"href":"https:\/\/247stiri.ro\/index.php\/wp-json\/wp\/v2\/tags?post=40314"}],"curies":[{"name":"wp","href":"https:\/\/api.w.org\/{rel}","templated":true}]}}