{"id":40335,"date":"2025-03-18T09:45:55","date_gmt":"2025-03-18T09:45:55","guid":{"rendered":"https:\/\/247stiri.ro\/index.php\/2025\/03\/18\/prima-contestatie-impotriva-anamariei-gavrila-depusa-la-ccr\/"},"modified":"2025-03-18T09:45:55","modified_gmt":"2025-03-18T09:45:55","slug":"prima-contestatie-impotriva-anamariei-gavrila-depusa-la-ccr","status":"publish","type":"post","link":"https:\/\/247stiri.ro\/index.php\/2025\/03\/18\/prima-contestatie-impotriva-anamariei-gavrila-depusa-la-ccr\/","title":{"rendered":"Prima contesta\u021bie \u00eempotriva Anamariei Gavril\u0103, depus\u0103 la CCR"},"content":{"rendered":"<p>Este o contesta\u021bie depus\u0103 la Curtea Constitu\u021bional\u0103 a Rom\u00e2niei ce va fi tran\u0219at\u0103, m\u00e2ine, \u00eentr-o \u0219edin\u021b\u0103 stabilit\u0103 de cei 9 judec\u0103tori.<\/p>\n<p>\u00cenc\u0103 nu avem argumentele pentru care a fost contestat\u0103 aceast\u0103 candidatur\u0103 <a href=\"https:\/\/www.realitatea.net\/stiri\/actual\/ora-1300-anamaria-gavrila-dezvaluiri-incendiare-despre-candidatura-in-exclusivitate-la-televiziunea-poporului-realitatea-plus_67d9399da6fd9c1f236bb242\" target=\"_blank\">a Anamariei Gavril\u0103.<\/a> Cert este c\u0103 va fi o decizie definitiv\u0103, doar <a href=\"https:\/\/www.realitatea.net\/stiri\/actual\/ccr-transeaza-miercuri-de-la-ora-1300-soarta-alegerilor-sedinta-cruciala_67d93a89c5144d4aaf2e8149\" target=\"_blank\">cei de la CCR vor stabili<\/a>, vor decide dac\u0103 \u00eei permit lui Gavril\u0103 s\u0103 mearg\u0103 mai departe \u00een cursa pentru Cotroceni.<\/p>\n<p>De altfel, de aceast\u0103 decizie depinde \u0219i urm\u0103torul pas crucial, acela de a fi desemnat un candidat al mi\u0219c\u0103rii suveraniste \u00een cursa pentru Cotroceni, alegeri ce au fost stabilite pentru luna mai.<\/p>","protected":false},"excerpt":{"rendered":"<p>Este o contesta\u021bie depus\u0103 la Curtea Constitu\u021bional\u0103 a Rom\u00e2niei ce va fi tran\u0219at\u0103, m\u00e2ine, \u00eentr-o&hellip;<\/p>\n","protected":false},"author":0,"featured_media":40336,"comment_status":"open","ping_status":"open","sticky":false,"template":"","format":"standard","meta":{"footnotes":""},"categories":[3],"tags":[],"class_list":["post-40335","post","type-post","status-publish","format-standard","has-post-thumbnail","hentry","category-politica"],"_links":{"self":[{"href":"https:\/\/247stiri.ro\/index.php\/wp-json\/wp\/v2\/posts\/40335","targetHints":{"allow":["GET"]}}],"collection":[{"href":"https:\/\/247stiri.ro\/index.php\/wp-json\/wp\/v2\/posts"}],"about":[{"href":"https:\/\/247stiri.ro\/index.php\/wp-json\/wp\/v2\/types\/post"}],"replies":[{"embeddable":true,"href":"https:\/\/247stiri.ro\/index.php\/wp-json\/wp\/v2\/comments?post=40335"}],"version-history":[{"count":0,"href":"https:\/\/247stiri.ro\/index.php\/wp-json\/wp\/v2\/posts\/40335\/revisions"}],"wp:featuredmedia":[{"embeddable":true,"href":"https:\/\/247stiri.ro\/index.php\/wp-json\/wp\/v2\/media\/40336"}],"wp:attachment":[{"href":"https:\/\/247stiri.ro\/index.php\/wp-json\/wp\/v2\/media?parent=40335"}],"wp:term":[{"taxonomy":"category","embeddable":true,"href":"https:\/\/247stiri.ro\/index.php\/wp-json\/wp\/v2\/categories?post=40335"},{"taxonomy":"post_tag","embeddable":true,"href":"https:\/\/247stiri.ro\/index.php\/wp-json\/wp\/v2\/tags?post=40335"}],"curies":[{"name":"wp","href":"https:\/\/api.w.org\/{rel}","templated":true}]}}