{"id":40341,"date":"2025-03-18T09:45:57","date_gmt":"2025-03-18T09:45:57","guid":{"rendered":"https:\/\/247stiri.ro\/index.php\/2025\/03\/18\/george-simion-confirma-manifestatiile-din-26-martie-de-ziua-lui-calin-georgescu-ar-fi-castigat-cu-70-alegerile-daca-nu-le-anulau\/"},"modified":"2025-03-18T09:45:57","modified_gmt":"2025-03-18T09:45:57","slug":"george-simion-confirma-manifestatiile-din-26-martie-de-ziua-lui-calin-georgescu-ar-fi-castigat-cu-70-alegerile-daca-nu-le-anulau","status":"publish","type":"post","link":"https:\/\/247stiri.ro\/index.php\/2025\/03\/18\/george-simion-confirma-manifestatiile-din-26-martie-de-ziua-lui-calin-georgescu-ar-fi-castigat-cu-70-alegerile-daca-nu-le-anulau\/","title":{"rendered":"George Simion confirm\u0103 manifesta\u021biile din 26 martie, de ziua lui C\u0103lin Georgescu: Ar fi c\u00e2\u0219tigat cu 70% alegerile dac\u0103 nu le anulau"},"content":{"rendered":"<p>&#8222;E un om care ne-a unit, \u0219i pe 26 martie este ziua lui. \u0218i pe 26 martie, la ini\u021biativa foarte multor cet\u0103\u021beni simpli, nu membri de partid, se va ie\u0219i \u00een strad\u0103.<\/p>\n<p>Vom anun\u021ba exact locul, ora \u0219i o s\u0103 fie o manifesta\u021bie de solidaritate na\u021bional\u0103 cu un om care a reu\u0219it trezirea \u00een con\u0219tiin\u021b\u0103 a poporului rom\u00e2n. Mi se pare normal, firesc. Noi vom fi acolo cu to\u021bi parlamentarii AUR.<\/p>\n<p>Am v\u0103zut ni\u0219te comentarii pe TIKTOK c\u0103 sunt copilul n\u0103zdr\u0103van al lui C\u0103lin Georgescu. Eu a\u0219 vrea s\u0103 \u00eencerc s\u0103 fiu copilul responsabil, care \u0219tie ce are de f\u0103cut \u0219i s\u0103 ne aducem c\u00e2t mai repede conduc\u0103torul \u00eenapoi, \u00een situa\u021bia \u00een care poate fi \u00een fa\u021ba o\u0219tirilor&#8221;, a declarat George Simion la &#8222;Culisele Statului Paralel&#8221;.\u00a0<\/p>","protected":false},"excerpt":{"rendered":"<p>&#8222;E un om care ne-a unit, \u0219i pe 26 martie este ziua lui. \u0218i pe&hellip;<\/p>\n","protected":false},"author":0,"featured_media":40342,"comment_status":"open","ping_status":"open","sticky":false,"template":"","format":"standard","meta":{"footnotes":""},"categories":[3],"tags":[],"class_list":["post-40341","post","type-post","status-publish","format-standard","has-post-thumbnail","hentry","category-politica"],"_links":{"self":[{"href":"https:\/\/247stiri.ro\/index.php\/wp-json\/wp\/v2\/posts\/40341","targetHints":{"allow":["GET"]}}],"collection":[{"href":"https:\/\/247stiri.ro\/index.php\/wp-json\/wp\/v2\/posts"}],"about":[{"href":"https:\/\/247stiri.ro\/index.php\/wp-json\/wp\/v2\/types\/post"}],"replies":[{"embeddable":true,"href":"https:\/\/247stiri.ro\/index.php\/wp-json\/wp\/v2\/comments?post=40341"}],"version-history":[{"count":0,"href":"https:\/\/247stiri.ro\/index.php\/wp-json\/wp\/v2\/posts\/40341\/revisions"}],"wp:featuredmedia":[{"embeddable":true,"href":"https:\/\/247stiri.ro\/index.php\/wp-json\/wp\/v2\/media\/40342"}],"wp:attachment":[{"href":"https:\/\/247stiri.ro\/index.php\/wp-json\/wp\/v2\/media?parent=40341"}],"wp:term":[{"taxonomy":"category","embeddable":true,"href":"https:\/\/247stiri.ro\/index.php\/wp-json\/wp\/v2\/categories?post=40341"},{"taxonomy":"post_tag","embeddable":true,"href":"https:\/\/247stiri.ro\/index.php\/wp-json\/wp\/v2\/tags?post=40341"}],"curies":[{"name":"wp","href":"https:\/\/api.w.org\/{rel}","templated":true}]}}