{"id":40344,"date":"2025-03-18T09:45:58","date_gmt":"2025-03-18T09:45:58","guid":{"rendered":"https:\/\/247stiri.ro\/index.php\/2025\/03\/18\/ora-1300-anamaria-gavrila-dezvaluiri-incendiare-despre-candidatura-in-exclusivitate-la-televiziunea-poporului-realitatea-plus\/"},"modified":"2025-03-18T09:45:58","modified_gmt":"2025-03-18T09:45:58","slug":"ora-1300-anamaria-gavrila-dezvaluiri-incendiare-despre-candidatura-in-exclusivitate-la-televiziunea-poporului-realitatea-plus","status":"publish","type":"post","link":"https:\/\/247stiri.ro\/index.php\/2025\/03\/18\/ora-1300-anamaria-gavrila-dezvaluiri-incendiare-despre-candidatura-in-exclusivitate-la-televiziunea-poporului-realitatea-plus\/","title":{"rendered":"ORA 13:00 &#8211; Anamaria Gavril\u0103, dezv\u0103luiri INCENDIARE despre candidatur\u0103, \u00een exclusivitate la Televiziunea Poporului &#8211; Realitatea Plus"},"content":{"rendered":"<p>Anamaria Gavril\u0103 va da c\u0103r\u021bile pe fa\u021b\u0103, \u00eentr-o edi\u021bie special\u0103 eveniment, la Realitatea Plus.<\/p>\n<p><a title=\"Prima contestatie impotriva Anamariei Gavrila, depusa la CCR\" href=\"https:\/\/www.realitatea.net\/stiri\/politica\/prima-contestatie-impotriva-anamariei-gavrila-depusa-la-ccr_67d939c3a6fd9c1f236bb248\">Prima contesta\u021bie \u00eempotriva Anamariei Gavril\u0103, depus\u0103 la CCR<\/a><\/p>\n<p>Care dintre cei doi candida\u021bi suverani\u0219ti, ea sau George Simion, se va retrage din curs\u0103, pentru a-l propulsa pe cel\u0103lalt?<\/p>\n<p>Ce planuri se fac chiar \u00een acest zile pentru a-i bloca pe suverani\u0219ti, prin intermediul unor pioni precum Viorel Hrebenciuc \u0219i George Becali. De ce o atac\u0103 latifundiarul din Pipera, care a ajuns \u00een Parlament cu ajutorul lui George Simion?<\/p>\n<p><a title='Anamaria Gavrila, prima reactie dupa ce candidatura i-a fost validata: ,,Miercuri se va lua decizia\" VIDEO' href=\"https:\/\/www.realitatea.net\/stiri\/actual\/anamaria-gavrila-prima-reactie-dupa-ce-candidatura-ia-fost-validata-miercuri-se-va-lua-decizia-video_67d83577d42de256ed446e12\">Anamaria Gavril\u0103, prima reac\u021bie dup\u0103 ce candidatura i-a fost validat\u0103: \u201eMiercuri se va lua decizia\u201d VIDEO<\/a><\/p>","protected":false},"excerpt":{"rendered":"<p>Anamaria Gavril\u0103 va da c\u0103r\u021bile pe fa\u021b\u0103, \u00eentr-o edi\u021bie special\u0103 eveniment, la Realitatea Plus. Prima&hellip;<\/p>\n","protected":false},"author":0,"featured_media":40338,"comment_status":"open","ping_status":"open","sticky":false,"template":"","format":"standard","meta":{"footnotes":""},"categories":[2],"tags":[],"class_list":["post-40344","post","type-post","status-publish","format-standard","has-post-thumbnail","hentry","category-actual"],"_links":{"self":[{"href":"https:\/\/247stiri.ro\/index.php\/wp-json\/wp\/v2\/posts\/40344","targetHints":{"allow":["GET"]}}],"collection":[{"href":"https:\/\/247stiri.ro\/index.php\/wp-json\/wp\/v2\/posts"}],"about":[{"href":"https:\/\/247stiri.ro\/index.php\/wp-json\/wp\/v2\/types\/post"}],"replies":[{"embeddable":true,"href":"https:\/\/247stiri.ro\/index.php\/wp-json\/wp\/v2\/comments?post=40344"}],"version-history":[{"count":0,"href":"https:\/\/247stiri.ro\/index.php\/wp-json\/wp\/v2\/posts\/40344\/revisions"}],"wp:featuredmedia":[{"embeddable":true,"href":"https:\/\/247stiri.ro\/index.php\/wp-json\/wp\/v2\/media\/40338"}],"wp:attachment":[{"href":"https:\/\/247stiri.ro\/index.php\/wp-json\/wp\/v2\/media?parent=40344"}],"wp:term":[{"taxonomy":"category","embeddable":true,"href":"https:\/\/247stiri.ro\/index.php\/wp-json\/wp\/v2\/categories?post=40344"},{"taxonomy":"post_tag","embeddable":true,"href":"https:\/\/247stiri.ro\/index.php\/wp-json\/wp\/v2\/tags?post=40344"}],"curies":[{"name":"wp","href":"https:\/\/api.w.org\/{rel}","templated":true}]}}