{"id":40348,"date":"2025-03-18T09:46:00","date_gmt":"2025-03-18T09:46:00","guid":{"rendered":"https:\/\/247stiri.ro\/index.php\/2025\/03\/18\/accident-rutier-dezastruos-chiar-in-apropiere-de-o-manastire-un-pieton-a-fost-spulberat-de-un-sofer-care-conducea-cu-150-de-km-h\/"},"modified":"2025-03-18T09:46:00","modified_gmt":"2025-03-18T09:46:00","slug":"accident-rutier-dezastruos-chiar-in-apropiere-de-o-manastire-un-pieton-a-fost-spulberat-de-un-sofer-care-conducea-cu-150-de-km-h","status":"publish","type":"post","link":"https:\/\/247stiri.ro\/index.php\/2025\/03\/18\/accident-rutier-dezastruos-chiar-in-apropiere-de-o-manastire-un-pieton-a-fost-spulberat-de-un-sofer-care-conducea-cu-150-de-km-h\/","title":{"rendered":"Accident rutier dezastruos, chiar \u00een apropiere de o m\u0103n\u0103stire: un pieton a fost spulberat de un \u0219ofer care conducea cu 150 de km\/h"},"content":{"rendered":"<p>Ce au transmis oamenii legii<\/p>\n<p><a href=\"https:\/\/www.realitatea.net\/stiri\/actual\/accident-socant-o-mama-si-cele-doua-fiice-ale-sale-au-fost-spulberate-pe-trecerea-de-pietoni_67d7f65daf313e1ce9130a82\" target=\"_blank\">Potrivit primelor informa\u021bii,<\/a> \u0219oferul, un b\u0103rbat de 65 de ani, rula cu o vitez\u0103 uluitoare, dep\u0103\u0219ind 150 km\/h, moment \u00een care l-a surprins pe pieton. Impactul a fost at\u00e2t de puternic \u00eenc\u00e2t victima a fost proiectat\u0103 la zeci de metri distan\u021b\u0103, f\u0103r\u0103 nicio \u0219ans\u0103 de supravie\u021buire, arat\u0103 ziartopdearges.ro.<\/p>\n<p>Echipele de interven\u021bie sosite la fa\u021ba locului nu au putut dec\u00e2t s\u0103 constate decesul pietonului.\u00a0<\/p>\n<p>Poli\u021bia a deschis o anchet\u0103 pentru a stabili <a href=\"https:\/\/www.realitatea.net\/stiri\/actual\/tragedie-rutiera-in-alba-un-tanar-de-25-de-ani-a-murit-dupa-ce-a-intrat-cu-masina-intrun-parapet_67d7e4d629dde41025678202\" target=\"_blank\">circumstan\u021bele exacte ale tragediei<\/a> \u0219i pentru a determina dac\u0103 \u0219oferul se afla sub influen\u021ba alcoolului sau a altor factori care i-ar fi afectat conducerea.<\/p>","protected":false},"excerpt":{"rendered":"<p>Ce au transmis oamenii legii Potrivit primelor informa\u021bii, \u0219oferul, un b\u0103rbat de 65 de ani,&hellip;<\/p>\n","protected":false},"author":0,"featured_media":40349,"comment_status":"open","ping_status":"open","sticky":false,"template":"","format":"standard","meta":{"footnotes":""},"categories":[2],"tags":[],"class_list":["post-40348","post","type-post","status-publish","format-standard","has-post-thumbnail","hentry","category-actual"],"_links":{"self":[{"href":"https:\/\/247stiri.ro\/index.php\/wp-json\/wp\/v2\/posts\/40348","targetHints":{"allow":["GET"]}}],"collection":[{"href":"https:\/\/247stiri.ro\/index.php\/wp-json\/wp\/v2\/posts"}],"about":[{"href":"https:\/\/247stiri.ro\/index.php\/wp-json\/wp\/v2\/types\/post"}],"replies":[{"embeddable":true,"href":"https:\/\/247stiri.ro\/index.php\/wp-json\/wp\/v2\/comments?post=40348"}],"version-history":[{"count":0,"href":"https:\/\/247stiri.ro\/index.php\/wp-json\/wp\/v2\/posts\/40348\/revisions"}],"wp:featuredmedia":[{"embeddable":true,"href":"https:\/\/247stiri.ro\/index.php\/wp-json\/wp\/v2\/media\/40349"}],"wp:attachment":[{"href":"https:\/\/247stiri.ro\/index.php\/wp-json\/wp\/v2\/media?parent=40348"}],"wp:term":[{"taxonomy":"category","embeddable":true,"href":"https:\/\/247stiri.ro\/index.php\/wp-json\/wp\/v2\/categories?post=40348"},{"taxonomy":"post_tag","embeddable":true,"href":"https:\/\/247stiri.ro\/index.php\/wp-json\/wp\/v2\/tags?post=40348"}],"curies":[{"name":"wp","href":"https:\/\/api.w.org\/{rel}","templated":true}]}}