{"id":40393,"date":"2025-03-18T12:44:54","date_gmt":"2025-03-18T12:44:54","guid":{"rendered":"https:\/\/247stiri.ro\/index.php\/2025\/03\/18\/crin-antonescu-la-realitatea-plus-candidez-independent-nu-ma-conditioneaza-guvernul-sau-partidele-care-l-compun\/"},"modified":"2025-03-18T12:44:54","modified_gmt":"2025-03-18T12:44:54","slug":"crin-antonescu-la-realitatea-plus-candidez-independent-nu-ma-conditioneaza-guvernul-sau-partidele-care-l-compun","status":"publish","type":"post","link":"https:\/\/247stiri.ro\/index.php\/2025\/03\/18\/crin-antonescu-la-realitatea-plus-candidez-independent-nu-ma-conditioneaza-guvernul-sau-partidele-care-l-compun\/","title":{"rendered":"Crin Antonescu, la Realitatea PLUS: Candidez independent, nu m\u0103 condi\u021bioneaz\u0103 Guvernul sau partidele care-l compun"},"content":{"rendered":"<p>&#8222;\u00cen legatur\u0103 cu sprijinul partidelor, dac\u0103 partidele au ni\u0219te probleme de organizare \u00eenaintea campaniei electorale propriu-zise, astea sunt probleme interne ale lor pe care \u0219i le vor rezolva singure pentru c\u0103 este \u0219i dreptul \u0219i obliga\u021bia lor.\u00a0<\/p>\n<p>Eu sunt un candidat independent. Am o campanie bazat\u0103 pe mesaje pe care mi le asum \u00een \u00eentregime. Nu sunt condi\u021bionat \u00een acest sens nici de Guvern, nici de\u00a0 partidele care-l compun, nici de majoritatea parlamentar\u0103.\u00a0<\/p>\n<p>Avem, evident, o colaborare care const\u0103 \u00een sus\u021binerea pe care aceste partide doresc s\u0103 mi-o acorde. Sub ce form\u0103, cum, \u00een ce grad este o chestiune care \u00eei prive\u0219te. Eu \u00eemi v\u0103d de campania mea, de construirea mesajelor care sunt destinate nu partidelor care m\u0103 sus\u021bin, ci tuturor cet\u0103\u021benilor Rom\u00e2niei. Asta e chestiunea care a fost clar\u0103 de la \u00eenceput \u00een \u00een\u021belegerea dintre noi \u0219i \u0103sta e un lucru pe care l-am spus \u0219i-l voi spune p\u00e2n\u0103 la sf\u00e2r\u0219itul campaniei electorale&#8221;, a declarat Crin Antonescu, la Realitatea PLUS.\u00a0<\/p>\n<p>\u00centrebat dac\u0103 se afl\u0103 \u00eentr-un contact permanent cu liderii celor 3 partide care-l sus\u021bin \u00een cursa electoral\u0103, Antonescu a r\u0103spuns: &#8222;Cred c\u0103 punctul de leg\u0103tur\u0103 \u00eentre ei, \u00een calitate de coali\u021bie de guvernare, trebuie s\u0103 fie propriul program de guvernare. Pe acela l-au angajat, \u00een campania electoral\u0103, \u00een fa\u021ba cet\u0103\u021benilor \u0219i \u00een Parlament, \u00een fa\u021ba reprezentan\u021bilor parlamentari ai acestor cet\u0103\u021beni&#8221;.\u00a0<\/p>\n<p>Candidatul la scrutinul pentru cea mai important\u0103 func\u021bie \u00een stat mai spune c\u0103 \u00een aceast\u0103 b\u0103t\u0103lie electoral\u0103 este, f\u0103r\u0103 doar \u0219i poate, vorba &#8222;despre un efort comun de sus\u021binere a unui candidat comun&#8221;.\u00a0<\/p>\n<p>Revenind la \u00eentrebarea de mai sus, Crin Antonescu a ar\u0103tat, de asemenea, c\u0103 el este \u00een leg\u0103tur\u0103 cu C\u0103t\u0103lin Predoiu, care asigur\u0103 interimatul la PNL, dar \u0219i cu Marcel Ciolacu (PSD) \u0219i Kelemen Hunor (UDMR).<\/p>\n<p>&#8222;Sunt \u00een leg\u0103tur\u0103 cu ei, am ac\u021biuni legate de aceste partide, am participat la 10-12 \u00eentruniri \u00een mari ora\u0219e \u0219i jude\u021be ale \u021b\u0103rii, de la Timi\u0219oara la Ia\u0219i, de la Bra\u0219ov la Craiova, \u00een mai multe locuri; m-am \u00eent\u00e2lnit cu sute de primari ai acestei coali\u021bii, am explicat inten\u021biile mele ca eventual pre\u0219edinte al Rom\u00e2niei, am luat act de problemele pe care ei, ca reprezentan\u021bi ai comunit\u0103\u021bilor locale, le au. \u0102sta e un lucru firesc.\u00a0<\/p>\n<p>Chestiunile care \u021bin de organizare intern\u0103, de preg\u0103tire de campanie, toate aceste lucruri de &#8222;buc\u0103t\u0103rie&#8221; sunt stric ale partidelor \u0219i nu sunt \u00een conducerea sau \u00een evaluarea mea&#8221;, a explicat Antonescu.\u00a0<\/p>\n<p>\u00a0<\/p>","protected":false},"excerpt":{"rendered":"<p>&#8222;\u00cen legatur\u0103 cu sprijinul partidelor, dac\u0103 partidele au ni\u0219te probleme de organizare \u00eenaintea campaniei electorale&hellip;<\/p>\n","protected":false},"author":0,"featured_media":40394,"comment_status":"open","ping_status":"open","sticky":false,"template":"","format":"standard","meta":{"footnotes":""},"categories":[3],"tags":[],"class_list":["post-40393","post","type-post","status-publish","format-standard","has-post-thumbnail","hentry","category-politica"],"_links":{"self":[{"href":"https:\/\/247stiri.ro\/index.php\/wp-json\/wp\/v2\/posts\/40393","targetHints":{"allow":["GET"]}}],"collection":[{"href":"https:\/\/247stiri.ro\/index.php\/wp-json\/wp\/v2\/posts"}],"about":[{"href":"https:\/\/247stiri.ro\/index.php\/wp-json\/wp\/v2\/types\/post"}],"replies":[{"embeddable":true,"href":"https:\/\/247stiri.ro\/index.php\/wp-json\/wp\/v2\/comments?post=40393"}],"version-history":[{"count":0,"href":"https:\/\/247stiri.ro\/index.php\/wp-json\/wp\/v2\/posts\/40393\/revisions"}],"wp:featuredmedia":[{"embeddable":true,"href":"https:\/\/247stiri.ro\/index.php\/wp-json\/wp\/v2\/media\/40394"}],"wp:attachment":[{"href":"https:\/\/247stiri.ro\/index.php\/wp-json\/wp\/v2\/media?parent=40393"}],"wp:term":[{"taxonomy":"category","embeddable":true,"href":"https:\/\/247stiri.ro\/index.php\/wp-json\/wp\/v2\/categories?post=40393"},{"taxonomy":"post_tag","embeddable":true,"href":"https:\/\/247stiri.ro\/index.php\/wp-json\/wp\/v2\/tags?post=40393"}],"curies":[{"name":"wp","href":"https:\/\/api.w.org\/{rel}","templated":true}]}}