{"id":40395,"date":"2025-03-18T12:44:55","date_gmt":"2025-03-18T12:44:55","guid":{"rendered":"https:\/\/247stiri.ro\/index.php\/2025\/03\/18\/personajul-care-l-a-dus-pe-ponta-in-sua-numit-sef-la-securitate-nationala-de-bolojan\/"},"modified":"2025-03-18T12:44:55","modified_gmt":"2025-03-18T12:44:55","slug":"personajul-care-l-a-dus-pe-ponta-in-sua-numit-sef-la-securitate-nationala-de-bolojan","status":"publish","type":"post","link":"https:\/\/247stiri.ro\/index.php\/2025\/03\/18\/personajul-care-l-a-dus-pe-ponta-in-sua-numit-sef-la-securitate-nationala-de-bolojan\/","title":{"rendered":"Personajul care l-a dus pe Ponta \u00een SUA, numit \u0219ef la Securitate Na\u021bional\u0103 de Bolojan"},"content":{"rendered":"<p>&#8222;Pre\u0219edintele interimar al Rom\u00e2niei, Ilie Bolojan, a semnat mar\u021bi, 18 martie 2025, urm\u0103toarele decrete:<\/p>\n<p>Decret pentru eliberarea din func\u021bia de consilier de stat a domnului Constantin Ionescu, la cerere;<\/p>\n<p>Decret pentru numirea \u00een func\u021bia de consilier de stat a domnului Florin-Laz\u0103r Vl\u0103dic\u0103, care va activa \u00een cadrul Departamentului Securit\u0103\u021bii Na\u021bionale \u0219i va \u00eendeplini func\u021bia de Director al Oficiului Informa\u021bii Integrate&#8221;, anun\u021b\u0103 Administra\u021bia Preziden\u021bial\u0103.\u00a0<\/p>\n\n<p><a href=\"https:\/\/www.realitatea.net\/stiri\/politica\/victor-ponta-se-da-in-stamba-peste-ocean-la-masa-cu-agentul-dublu-implicat-in-afaceri-cu-arme-cine-ia-platit-cazarea-si-transportul-in-sua_678f52333e8f3b4d707be3fe\" target=\"_blank\">Victor Ponta se d\u0103 \u00een stamb\u0103 peste Ocean: la mas\u0103 cu agentul dublu implicat \u00een afaceri cu arme. Cine i-a pl\u0103tit cazarea \u0219i transportul \u00een SUA?<\/a><\/p>\n<p>Victor Ponta s-a dat \u00een spectacol \u00een Statele Unite ale Americii la ceremoniile de \u00eenvestire a lui Donald Trump, la finalul lunii ianuarie. Fostul \u0219ef al Guvernului a fost filmat al\u0103turi de Florin Laz\u0103r Vl\u0103dic\u0103, un fost secretar de stat \u00een Ministerul Ap\u0103r\u0103rii.<\/p>\n\n<p>Acest politician din zona firmelor de ap\u0103rare este extrem de controversat, dup\u0103 ce a fost concediat \u00een urma unui conflict de interese.<\/p>\n<p>&#8222;Imaginile cu Ponta, undeva \u00eentr-un hol de hotel probabil, la mas\u0103 cu cel care l-a dus acolo. Am confirmarea 100% c\u0103 prin acest personaj a ajuns acolo &#8211; Florin Laz\u0103r Vl\u0103dic\u0103, acest fost secretar de stat \u00een MApN \u00een timpul Guvernului Grindeanu, apoi preluat de Viorica Dancil\u0103, dat afara de aceasta. Pentru acest personaj, Grindeanu s-a certat cu Dragnea pentru c\u0103 spunea c\u0103 i l-a adus de la Timi\u0219oara absolvent de Medicin\u0103 veterinar\u0103 \u0219i a ajuns s\u0103 fie \u0219ef la \u00cenzestrarea Armatei&#8221;, spunea Anca Alexandrescu, la acea vreme, solicitat\u0103 fiind s\u0103 comenteze imaginile ap\u0103rute \u00een pres\u0103.\u00a0\u00a0<\/p>\n<p>Florin Laz\u0103r Vl\u0103dic\u0103 a atribuit \u00een mandatul s\u0103u de la Ministerul Ap\u0103r\u0103rii Na\u021bionale un contract de 3,9 miliarde de dolari companiei americane Raytheon, de la care s-a cump\u0103rat sistemul de rachete Patriot. Contractul a fost negociat astfel \u00eenc\u00e2t statul rom\u00e2n s\u0103 nu beneficieze de offset.<\/p>\n<p>Dup\u0103 ce a p\u0103r\u0103sit MApN, Vl\u0103dic\u0103 a fost contractat tocmai de compania american\u0103 Raytheon pentru a-i reprezenta interesele \u00een Rom\u00e2nia, unde aceasta a finalizat achizi\u021bia bateriilor de coast\u0103 NSM. O afacere contestat\u0103 de competitori, pentru care Ministerul Ap\u0103r\u0103rii Na\u021bionale va pl\u0103ti minim 286 milioane de dolari, tot f\u0103r\u0103 offset.\u00a0<\/p>","protected":false},"excerpt":{"rendered":"<p>&#8222;Pre\u0219edintele interimar al Rom\u00e2niei, Ilie Bolojan, a semnat mar\u021bi, 18 martie 2025, urm\u0103toarele decrete: Decret&hellip;<\/p>\n","protected":false},"author":0,"featured_media":40396,"comment_status":"open","ping_status":"open","sticky":false,"template":"","format":"standard","meta":{"footnotes":""},"categories":[3],"tags":[],"class_list":["post-40395","post","type-post","status-publish","format-standard","has-post-thumbnail","hentry","category-politica"],"_links":{"self":[{"href":"https:\/\/247stiri.ro\/index.php\/wp-json\/wp\/v2\/posts\/40395","targetHints":{"allow":["GET"]}}],"collection":[{"href":"https:\/\/247stiri.ro\/index.php\/wp-json\/wp\/v2\/posts"}],"about":[{"href":"https:\/\/247stiri.ro\/index.php\/wp-json\/wp\/v2\/types\/post"}],"replies":[{"embeddable":true,"href":"https:\/\/247stiri.ro\/index.php\/wp-json\/wp\/v2\/comments?post=40395"}],"version-history":[{"count":0,"href":"https:\/\/247stiri.ro\/index.php\/wp-json\/wp\/v2\/posts\/40395\/revisions"}],"wp:featuredmedia":[{"embeddable":true,"href":"https:\/\/247stiri.ro\/index.php\/wp-json\/wp\/v2\/media\/40396"}],"wp:attachment":[{"href":"https:\/\/247stiri.ro\/index.php\/wp-json\/wp\/v2\/media?parent=40395"}],"wp:term":[{"taxonomy":"category","embeddable":true,"href":"https:\/\/247stiri.ro\/index.php\/wp-json\/wp\/v2\/categories?post=40395"},{"taxonomy":"post_tag","embeddable":true,"href":"https:\/\/247stiri.ro\/index.php\/wp-json\/wp\/v2\/tags?post=40395"}],"curies":[{"name":"wp","href":"https:\/\/api.w.org\/{rel}","templated":true}]}}