{"id":40408,"date":"2025-03-18T13:44:46","date_gmt":"2025-03-18T13:44:46","guid":{"rendered":"https:\/\/247stiri.ro\/index.php\/2025\/03\/18\/reper-cere-usr-s-o-retraga-pe-lasconi-din-cursa-prezidentiala-si-sa-l-sustina-pe-nicusor-dan\/"},"modified":"2025-03-18T13:44:46","modified_gmt":"2025-03-18T13:44:46","slug":"reper-cere-usr-s-o-retraga-pe-lasconi-din-cursa-prezidentiala-si-sa-l-sustina-pe-nicusor-dan","status":"publish","type":"post","link":"https:\/\/247stiri.ro\/index.php\/2025\/03\/18\/reper-cere-usr-s-o-retraga-pe-lasconi-din-cursa-prezidentiala-si-sa-l-sustina-pe-nicusor-dan\/","title":{"rendered":"REPER cere USR s-o retrag\u0103 pe Lasconi din cursa preziden\u021bial\u0103 \u0219i s\u0103-l sus\u021bin\u0103 pe Nicu\u0219or Dan"},"content":{"rendered":"<p>&#8222;Democra\u021bia nu este doar despre ce ne dorim noi, ci despre ce are nevoie Rom\u00e2nia. Nu este despre ambi\u021bii personale sau calcule de partid, ci despre binele comun \u0219i \u0219ansa fiec\u0103rui rom\u00e2n de a tr\u0103i \u00eentr-o \u021bar\u0103 liber\u0103, echitabil\u0103 \u0219i prosper\u0103. Ast\u0103zi, acest bine comun cere unitate, nu competi\u021bie. Cere responsabilitate, nu orgolii. Partidul REPER solicit\u0103 Partidului USR s\u0103 \u00ee\u0219i retrag\u0103 candidata din cursa preziden\u021bial\u0103 \u0219i s\u0103 \u00eel sus\u021bin\u0103 pe Nicu\u0219or Dan, singurul candidat pro-european cu \u0219anse reale de a opri ascensiunea extremismului&#8221;, se arat\u0103 \u00eentr-un comunicat de pres\u0103 al REPER.<\/p>\n<p>Liderii REPER consider\u0103 c\u0103 &#8222;Nicu\u0219or Dan nu este doar un nume \u00eentr-o competi\u021bie electoral\u0103&#8221;.<\/p>\n<p>&#8222;Este omul care a demonstrat, prin fapte, c\u0103 administra\u021bia se poate schimba. C\u0103 lupta pentru integritate \u0219i competen\u021b\u0103 poate fi c\u00e2\u0219tigat\u0103. C\u0103 politica nu este despre privilegii \u0219i func\u021bii, ci despre responsabilitate \u0219i construc\u021bie. Toate sondajele arat\u0103 limpede: Nicu\u0219or Dan este singura op\u021biune viabil\u0103 a for\u021belor democratice pentru turul al doilea. Cu toate acestea, divizarea taberei reformiste, din cauza orgoliilor, risc\u0103 s\u0103 lase drum liber spre c\u00e2\u0219tigarea turului 1 unui candidat care amenin\u021b\u0103 valorile europene, statul de drept \u0219i democra\u021bia \u00eens\u0103\u0219i&#8221;, sus\u021bin liderii REPER.<\/p>\n<p>Ace\u0219tia amintesc c\u0103, \u00een trecut, &#8222;REPER a ar\u0103tat c\u0103 \u0219tie s\u0103 fac\u0103 pasul \u00een spate atunci c\u00e2nd interesul Rom\u00e2niei o cerea&#8221;, iar &#8222;acum este momentul ca USR s\u0103 arate aceea\u0219i maturitate politic\u0103&#8221;.<\/p>","protected":false},"excerpt":{"rendered":"<p>&#8222;Democra\u021bia nu este doar despre ce ne dorim noi, ci despre ce are nevoie Rom\u00e2nia.&hellip;<\/p>\n","protected":false},"author":0,"featured_media":40409,"comment_status":"open","ping_status":"open","sticky":false,"template":"","format":"standard","meta":{"footnotes":""},"categories":[3],"tags":[],"class_list":["post-40408","post","type-post","status-publish","format-standard","has-post-thumbnail","hentry","category-politica"],"_links":{"self":[{"href":"https:\/\/247stiri.ro\/index.php\/wp-json\/wp\/v2\/posts\/40408","targetHints":{"allow":["GET"]}}],"collection":[{"href":"https:\/\/247stiri.ro\/index.php\/wp-json\/wp\/v2\/posts"}],"about":[{"href":"https:\/\/247stiri.ro\/index.php\/wp-json\/wp\/v2\/types\/post"}],"replies":[{"embeddable":true,"href":"https:\/\/247stiri.ro\/index.php\/wp-json\/wp\/v2\/comments?post=40408"}],"version-history":[{"count":0,"href":"https:\/\/247stiri.ro\/index.php\/wp-json\/wp\/v2\/posts\/40408\/revisions"}],"wp:featuredmedia":[{"embeddable":true,"href":"https:\/\/247stiri.ro\/index.php\/wp-json\/wp\/v2\/media\/40409"}],"wp:attachment":[{"href":"https:\/\/247stiri.ro\/index.php\/wp-json\/wp\/v2\/media?parent=40408"}],"wp:term":[{"taxonomy":"category","embeddable":true,"href":"https:\/\/247stiri.ro\/index.php\/wp-json\/wp\/v2\/categories?post=40408"},{"taxonomy":"post_tag","embeddable":true,"href":"https:\/\/247stiri.ro\/index.php\/wp-json\/wp\/v2\/tags?post=40408"}],"curies":[{"name":"wp","href":"https:\/\/api.w.org\/{rel}","templated":true}]}}