{"id":40414,"date":"2025-03-18T13:44:49","date_gmt":"2025-03-18T13:44:49","guid":{"rendered":"https:\/\/247stiri.ro\/index.php\/2025\/03\/18\/simion-dupa-raportul-comisiei-de-la-venetia-pe-alegeri-trebuie-sa-revenim-la-normal-nu-are-nimeni-nimic-cu-voi-cat-timp-nu-persistati-in-abuzuri\/"},"modified":"2025-03-18T13:44:49","modified_gmt":"2025-03-18T13:44:49","slug":"simion-dupa-raportul-comisiei-de-la-venetia-pe-alegeri-trebuie-sa-revenim-la-normal-nu-are-nimeni-nimic-cu-voi-cat-timp-nu-persistati-in-abuzuri","status":"publish","type":"post","link":"https:\/\/247stiri.ro\/index.php\/2025\/03\/18\/simion-dupa-raportul-comisiei-de-la-venetia-pe-alegeri-trebuie-sa-revenim-la-normal-nu-are-nimeni-nimic-cu-voi-cat-timp-nu-persistati-in-abuzuri\/","title":{"rendered":"Simion, dup\u0103 raportul Comisiei de la Vene\u021bia pe alegeri: Trebuie s\u0103 revenim la normal! Nu are nimeni nimic cu voi c\u00e2t timp nu persista\u021bi \u00een abuzuri"},"content":{"rendered":"<p>&#8222;Raportul Comisiei de la Vene\u021bia ne d\u0103 dreptate \u0219i mul\u021bumesc celor care a\u021bi fost constant al\u0103turi de noi \u0219i nu v-a\u021bi clintit. Ce au f\u0103cut ei \u00een 2024 cu alegerile nu e democratic. Au c\u0103lcat \u00een picioare conceptul de alegeri libere, echidistante, folosind toate instrumentele posibile.\u00a0<\/p>\n<p>Trebuie s\u0103 revenim la normal. Normal ar fi fost s\u0103-l vedem pe C\u0103lin Georgescu pre\u0219edinte \u00een urma unor alegeri corecte \u0219i \u00een urma turului 2. Normal ar fi fost s\u0103 fie l\u0103sat m\u0103car ca \u0219i candidat. Nu pentru noi. E vorba de un principiu.Dup\u0103 acest raport al Comisiei de la Vene\u021bia legat de comasarea alegerilor vor veni \u0219i alte rapoarte pentru c\u0103 nu toate institu\u021biile din \u021bara noastr\u0103 sau Europa sunt corupte sau sunt sub controlul globalist. Sunt ni\u0219te p\u0103pu\u0219ari acolo care au incitat.<\/p>\n<p>\u00cendemnul meu pentru to\u021bi din institu\u021bii este unul de calm, unul pa\u0219nic, de a asigura democra\u021bia, tranzi\u021bia democratic\u0103 a puterii, de a reveni la normalitate.<\/p>\n<p>Nu are nimeni nimic cu voi at\u00e2ta timp c\u00e2t nu ve\u021bi continua s\u0103 persista\u021bi \u00een abuzuri.\u00a0<\/p>\n<p>Voi continua s\u0103 spun \u00een um\u0103toarele dou\u0103 luni c\u0103 eu nu candidez undeva, ci am o chemare, am de rezolvat o chestiune c\u00e2t se poate de punctual\u0103: revenirea la normalitate \u0219i revenirea la democra\u021bie&#8221;, spune George SImion, \u00eentr-o postare pe Facebook.<\/p>","protected":false},"excerpt":{"rendered":"<p>&#8222;Raportul Comisiei de la Vene\u021bia ne d\u0103 dreptate \u0219i mul\u021bumesc celor care a\u021bi fost constant&hellip;<\/p>\n","protected":false},"author":0,"featured_media":40415,"comment_status":"open","ping_status":"open","sticky":false,"template":"","format":"standard","meta":{"footnotes":""},"categories":[3],"tags":[],"class_list":["post-40414","post","type-post","status-publish","format-standard","has-post-thumbnail","hentry","category-politica"],"_links":{"self":[{"href":"https:\/\/247stiri.ro\/index.php\/wp-json\/wp\/v2\/posts\/40414","targetHints":{"allow":["GET"]}}],"collection":[{"href":"https:\/\/247stiri.ro\/index.php\/wp-json\/wp\/v2\/posts"}],"about":[{"href":"https:\/\/247stiri.ro\/index.php\/wp-json\/wp\/v2\/types\/post"}],"replies":[{"embeddable":true,"href":"https:\/\/247stiri.ro\/index.php\/wp-json\/wp\/v2\/comments?post=40414"}],"version-history":[{"count":0,"href":"https:\/\/247stiri.ro\/index.php\/wp-json\/wp\/v2\/posts\/40414\/revisions"}],"wp:featuredmedia":[{"embeddable":true,"href":"https:\/\/247stiri.ro\/index.php\/wp-json\/wp\/v2\/media\/40415"}],"wp:attachment":[{"href":"https:\/\/247stiri.ro\/index.php\/wp-json\/wp\/v2\/media?parent=40414"}],"wp:term":[{"taxonomy":"category","embeddable":true,"href":"https:\/\/247stiri.ro\/index.php\/wp-json\/wp\/v2\/categories?post=40414"},{"taxonomy":"post_tag","embeddable":true,"href":"https:\/\/247stiri.ro\/index.php\/wp-json\/wp\/v2\/tags?post=40414"}],"curies":[{"name":"wp","href":"https:\/\/api.w.org\/{rel}","templated":true}]}}