{"id":40422,"date":"2025-03-18T13:44:52","date_gmt":"2025-03-18T13:44:52","guid":{"rendered":"https:\/\/247stiri.ro\/index.php\/2025\/03\/18\/elena-lasconi-vrea-inchiderea-realitatea-plus-derapaj-fara-precedent-al-fostei-jurnaliste-ce-a-enervat-o-pe-sefa-rezistilor\/"},"modified":"2025-03-18T13:44:52","modified_gmt":"2025-03-18T13:44:52","slug":"elena-lasconi-vrea-inchiderea-realitatea-plus-derapaj-fara-precedent-al-fostei-jurnaliste-ce-a-enervat-o-pe-sefa-rezistilor","status":"publish","type":"post","link":"https:\/\/247stiri.ro\/index.php\/2025\/03\/18\/elena-lasconi-vrea-inchiderea-realitatea-plus-derapaj-fara-precedent-al-fostei-jurnaliste-ce-a-enervat-o-pe-sefa-rezistilor\/","title":{"rendered":"Elena Lasconi vrea \u00eenchiderea Realitatea Plus. Derapaj f\u0103r\u0103 precedent al fostei jurnaliste, ce a enervat-o pe \u0219efa rezi\u0219tilor"},"content":{"rendered":"<p>\u0218efa USR a declarat c\u0103 CNA ar fi trebuit s\u0103 amendeze dur \u0219i chiar s\u0103 \u00eenchid\u0103 cel pu\u021bin dou\u0103 televiziuni din Rom\u00e2nia, una dintre ele fiind chiar Realitatea PLUS &#8211; Televiziunea Poporului, pentru c\u0103 l-a l\u0103sat pe C\u0103lin Georgescu s\u0103 se exprime.<\/p>\n<p>Cu toate c\u0103 \u0219efa rezi\u0219tilor vorbe\u0219te clar despre cenzur\u0103, Lasconi insist\u0103 c\u0103 ea ac\u021bioneaz\u0103 democratic. &#8222;Eu sunt pentru democra\u021bie \u0219i pentru libertatea de exprimare, dar at\u00e2t timp c\u00e2t sim\u021bi c\u0103 nu po\u021bi controla, trebuie s\u0103 vii cu amenzi din ce \u00een ce mai mari&#8221;, a spus Elena Lasconi.<\/p>\n<p>\u00cen plus, \u0219efa USR a lansat un atac dur \u0219i la liderul suverani\u0219tilor George Simion, contracandidatul s\u0103u la preziden\u021biale, despre care spune c\u0103 ar trebui blocat, de\u0219i Simion a primit und\u0103 verde de la judec\u0103torii CCR pentru a intra \u00een cursa pentru Cotroceni.\u00a0<\/p>","protected":false},"excerpt":{"rendered":"<p>\u0218efa USR a declarat c\u0103 CNA ar fi trebuit s\u0103 amendeze dur \u0219i chiar s\u0103&hellip;<\/p>\n","protected":false},"author":0,"featured_media":40413,"comment_status":"open","ping_status":"open","sticky":false,"template":"","format":"standard","meta":{"footnotes":""},"categories":[2],"tags":[],"class_list":["post-40422","post","type-post","status-publish","format-standard","has-post-thumbnail","hentry","category-actual"],"_links":{"self":[{"href":"https:\/\/247stiri.ro\/index.php\/wp-json\/wp\/v2\/posts\/40422","targetHints":{"allow":["GET"]}}],"collection":[{"href":"https:\/\/247stiri.ro\/index.php\/wp-json\/wp\/v2\/posts"}],"about":[{"href":"https:\/\/247stiri.ro\/index.php\/wp-json\/wp\/v2\/types\/post"}],"replies":[{"embeddable":true,"href":"https:\/\/247stiri.ro\/index.php\/wp-json\/wp\/v2\/comments?post=40422"}],"version-history":[{"count":0,"href":"https:\/\/247stiri.ro\/index.php\/wp-json\/wp\/v2\/posts\/40422\/revisions"}],"wp:featuredmedia":[{"embeddable":true,"href":"https:\/\/247stiri.ro\/index.php\/wp-json\/wp\/v2\/media\/40413"}],"wp:attachment":[{"href":"https:\/\/247stiri.ro\/index.php\/wp-json\/wp\/v2\/media?parent=40422"}],"wp:term":[{"taxonomy":"category","embeddable":true,"href":"https:\/\/247stiri.ro\/index.php\/wp-json\/wp\/v2\/categories?post=40422"},{"taxonomy":"post_tag","embeddable":true,"href":"https:\/\/247stiri.ro\/index.php\/wp-json\/wp\/v2\/tags?post=40422"}],"curies":[{"name":"wp","href":"https:\/\/api.w.org\/{rel}","templated":true}]}}