{"id":40423,"date":"2025-03-18T13:44:52","date_gmt":"2025-03-18T13:44:52","guid":{"rendered":"https:\/\/247stiri.ro\/index.php\/2025\/03\/18\/incident-socant-la-un-liceu-din-timisoara-un-tanar-a-vrut-sa-intre-in-cladire-cu-o-maceta\/"},"modified":"2025-03-18T13:44:52","modified_gmt":"2025-03-18T13:44:52","slug":"incident-socant-la-un-liceu-din-timisoara-un-tanar-a-vrut-sa-intre-in-cladire-cu-o-maceta","status":"publish","type":"post","link":"https:\/\/247stiri.ro\/index.php\/2025\/03\/18\/incident-socant-la-un-liceu-din-timisoara-un-tanar-a-vrut-sa-intre-in-cladire-cu-o-maceta\/","title":{"rendered":"Incident \u0219ocant, la un liceu din Timi\u0219oara: un t\u00e2n\u0103r a vrut s\u0103 intre \u00een cl\u0103dire cu O MACET\u0102"},"content":{"rendered":"<p>Cum s-a \u00eent\u00e2mplat incidentul<\/p>\n<p>Inspectoratul de Poli\u021bie Jude\u021bean Timi\u0219 a confirmat c\u0103 poli\u021bi\u0219tii Sec\u021biei 3 au fost sesiza\u021bi cu privire la acest incident, t\u00e2n\u0103rul fiind deja<a href=\"https:\/\/www.realitatea.net\/stiri\/actual\/bataie-generalizata-la-un-liceu-din-campina-cinci-eleve-sau-luat-la-pumni-de-la-ce-a-plecat-totul-video_67d3f7ebe174f02102308d64\" target=\"_blank\"> re\u021binut de personalul de securitate.<\/a> \u00cen urma verific\u0103rilor, s-a stabilit c\u0103 acesta avea asupra sa un obiect ascu\u021bit-\u00een\u021bep\u0103tor.<\/p>\n<p>T\u00e2n\u0103rul a fost condus la sediul Poli\u021biei pentru clarificarea situa\u021biei, iar autorit\u0103\u021bile au deschis un dosar penal pentru &#8222;port sau folosire f\u0103r\u0103 drept de arme periculoase&#8221;. Conform presei locale, incidentul s-a petrecut la Liceul &#8222;Jean Louis Calderon&#8221; din Timi\u0219oara.<\/p>\n<p><a href=\"https:\/\/www.realitatea.net\/stiri\/actual\/scandal-de-amploare-la-liceu-o-profesoara-este-acuzata-ca-a-agresat-doi-elevi_67d1e00f56a962251c4d3742\" target=\"_blank\">Poli\u021bia continu\u0103 cercet\u0103rile<\/a> pentru a stabili motivul prezen\u021bei t\u00e2n\u0103rului \u00een zona liceului \u0219i inten\u021biile acestuia.<\/p>\n<p>\u00a0<\/p>","protected":false},"excerpt":{"rendered":"<p>Cum s-a \u00eent\u00e2mplat incidentul Inspectoratul de Poli\u021bie Jude\u021bean Timi\u0219 a confirmat c\u0103 poli\u021bi\u0219tii Sec\u021biei 3&hellip;<\/p>\n","protected":false},"author":0,"featured_media":40424,"comment_status":"open","ping_status":"open","sticky":false,"template":"","format":"standard","meta":{"footnotes":""},"categories":[2],"tags":[],"class_list":["post-40423","post","type-post","status-publish","format-standard","has-post-thumbnail","hentry","category-actual"],"_links":{"self":[{"href":"https:\/\/247stiri.ro\/index.php\/wp-json\/wp\/v2\/posts\/40423","targetHints":{"allow":["GET"]}}],"collection":[{"href":"https:\/\/247stiri.ro\/index.php\/wp-json\/wp\/v2\/posts"}],"about":[{"href":"https:\/\/247stiri.ro\/index.php\/wp-json\/wp\/v2\/types\/post"}],"replies":[{"embeddable":true,"href":"https:\/\/247stiri.ro\/index.php\/wp-json\/wp\/v2\/comments?post=40423"}],"version-history":[{"count":0,"href":"https:\/\/247stiri.ro\/index.php\/wp-json\/wp\/v2\/posts\/40423\/revisions"}],"wp:featuredmedia":[{"embeddable":true,"href":"https:\/\/247stiri.ro\/index.php\/wp-json\/wp\/v2\/media\/40424"}],"wp:attachment":[{"href":"https:\/\/247stiri.ro\/index.php\/wp-json\/wp\/v2\/media?parent=40423"}],"wp:term":[{"taxonomy":"category","embeddable":true,"href":"https:\/\/247stiri.ro\/index.php\/wp-json\/wp\/v2\/categories?post=40423"},{"taxonomy":"post_tag","embeddable":true,"href":"https:\/\/247stiri.ro\/index.php\/wp-json\/wp\/v2\/tags?post=40423"}],"curies":[{"name":"wp","href":"https:\/\/api.w.org\/{rel}","templated":true}]}}