{"id":40439,"date":"2025-03-18T14:44:58","date_gmt":"2025-03-18T14:44:58","guid":{"rendered":"https:\/\/247stiri.ro\/index.php\/2025\/03\/18\/ministrul-educatiei-despre-preventia-privind-consumul-de-droguri-trebuie-facuta-de-specialisti-cu-implicarea-parintilor-si-profesorilor\/"},"modified":"2025-03-18T14:44:58","modified_gmt":"2025-03-18T14:44:58","slug":"ministrul-educatiei-despre-preventia-privind-consumul-de-droguri-trebuie-facuta-de-specialisti-cu-implicarea-parintilor-si-profesorilor","status":"publish","type":"post","link":"https:\/\/247stiri.ro\/index.php\/2025\/03\/18\/ministrul-educatiei-despre-preventia-privind-consumul-de-droguri-trebuie-facuta-de-specialisti-cu-implicarea-parintilor-si-profesorilor\/","title":{"rendered":"Ministrul Educa\u021biei, despre preven\u021bia privind consumul de droguri: \u201dTrebuie f\u0103cut\u0103 de speciali\u0219ti, cu implicarea p\u0103rin\u021bilor \u0219i profesorilor"},"content":{"rendered":"<p>De asemenea, oficialul a vorbit \u0219i despre importan\u021ba unei abord\u0103ri interdisciplinare \u0219i a unor tratamente validate \u0219tiin\u021bific.<\/p>\n<p>\u201dPreven\u021bia trebuie f\u0103cut\u0103 de c\u0103tre cei care \u0219tiu s\u0103 fac\u0103 preven\u021bie. Degeaba ne g\u00e2ndim \u0219i ne apuc\u0103m to\u021bi s\u0103 facem preven\u021bie. Nu se poate, nu ai cum s\u0103 faci preven\u021bie numai cu speciali\u0219ti, trebuie s\u0103 implici \u0219i p\u0103rin\u021bii, trebuie s\u0103 implici \u0219i profesorii. (&#8230;) Un factor de vulnerabilitate pentru noi &#8211; acele centre pentru a oferi tratamente validate \u0219tiin\u021bific. Mesajul meu continu\u0103 practic ceea ce s-a \u00eencercat \u0219i p\u00e2n\u0103 acum &#8211; avem nevoie de abord\u0103ri interdisciplinare, avem nevoie de abord\u0103ri care s\u0103 implice mai multe institu\u021bii. A\u0219 vrea ca formele pe care le avem s\u0103 aib\u0103 \u0219i mai mult fond, efectul s\u0103 fie \u0219i mai clar. Dup\u0103 mine, trebuie s\u0103 avem grij\u0103 s\u0103 facem cur\u0103\u021benie \u00een jurul \u0219colilor \u00een ceea ce prive\u0219te prezen\u021ba drogurilor \u0219i a celor care distribuie drogurile \u0219i pot s\u0103 spun c\u0103, \u00een ultimii ani, probabil \u00een ultimul an, Ministerul de Interne, autorit\u0103\u021bile locale au fost activi, au schimbat multe lucruri \u00een bine, ceea ce m\u0103 bucur\u0103\u201d, a transmis <a href=\"https:\/\/www.realitatea.net\/stiri\/actual\/ministru-preocupat-de-pseudostiinta-nu-de-bullyinguldin-scoli-cum-vrea-sistemul-sa-impuna-doar-ideile-care-ii-convin_67d2b8e1f1388034325af762\" target=\"_blank\">Daniel David<\/a>, la dezbaterea &#8216;Epidemia de droguri \u00een \u0219coli \u0219i licee&#8217;, organizat\u0103 de Comisia pentru cercetarea abuzurilor, combaterea corup\u021biei \u0219i peti\u021bii din Senat.<\/p>\n<p>Mai mult, ministrul a \u021binut s\u0103 men\u021bioneze faptul c\u0103 preven\u021bia acestui fenomen ar trebui reg\u00e2ndit\u0103 \u00een sensul c\u0103 elementul-cheie ar trebui s\u0103 \u021bin\u0103 de modific\u0103ri comportamentale ale celor viza\u021bi &#8211; elevii \u0219i studen\u021bii, care s\u0103 vin\u0103 din zona psihologiei.<\/p>\n<p>\u201dAl doilea nivel se refer\u0103 la modul \u00een care facem preven\u021bia, adic\u0103 modul \u00een care \u00eei preg\u0103tim pe elevi, spre exemplu, sau pe studen\u021bi s\u0103 nu consume drogurile, iar preven\u021bia (..) ar trebui s\u0103 fie reg\u00e2ndit\u0103 altfel, fiindc\u0103 elementul-cheie ar trebui s\u0103 \u021bin\u0103 de ceea ce noi numim modific\u0103ri comportamentale, care s\u0103 vin\u0103 din zona psihologiei. Sigur c\u0103 sunt importante informa\u021biile biologice, medicale, sociale, dar, \u00een final, tu vrei s\u0103 schimbi comportamente \u0219i atitudini fa\u021b\u0103 de consumul de droguri \u0219i aici, probabil, pe latura de preven\u021bie trebuie s\u0103 g\u00e2ndim lucrurile \u00een acest fel. De asemenea, pentru zona de preven\u021bie, este important s\u0103 implic\u0103m \u0219i s\u0103 avem ac\u021biuni \u0219i cu profesorii, cu p\u0103rin\u021bii, c\u0103 ei pot s\u0103 fie primii care pot s\u0103 detecteze \u00eenceputul sau debutul unor astfel de comportamente. F\u0103r\u0103 ei, va fi foarte greu s\u0103 fii eficient\u201d, a mai spus ministrul.\u00a0<\/p>\n<p>\u00cen plus, Daniel David a eviden\u021biat importan\u021ba valid\u0103rii \u0219tiin\u021bifice a tratamentelor prescrise consumatorilor de droguri.\u00a0<\/p>\n<p>\u201dAl treilea nivel se refer\u0103 la tratamente care trebuie s\u0103 fie validate \u0219tiin\u021bific. Nu orice tratament pe care vrem s\u0103-l oferim pentru controlul consumului de droguri \u0219i conteaz\u0103. Aici, prima linie \u021bine de componenta medical\u0103. Desigur, \u0219i componenta psihologic\u0103 trebuie s\u0103 vin\u0103 complementar tratamentului medicamentos. Dac\u0103 acoperim aceste trei niveluri, sunt convins s\u0103 putem preveni bine consumul de droguri \u0219i, de asemenea, putem avea tratamente eficiente pentru cei care au ajuns \u00een aceast\u0103 situa\u021bie\u201d, a conchis ministrul Daniel David.<\/p>","protected":false},"excerpt":{"rendered":"<p>De asemenea, oficialul a vorbit \u0219i despre importan\u021ba unei abord\u0103ri interdisciplinare \u0219i a unor tratamente&hellip;<\/p>\n","protected":false},"author":0,"featured_media":40440,"comment_status":"open","ping_status":"open","sticky":false,"template":"","format":"standard","meta":{"footnotes":""},"categories":[2],"tags":[],"class_list":["post-40439","post","type-post","status-publish","format-standard","has-post-thumbnail","hentry","category-actual"],"_links":{"self":[{"href":"https:\/\/247stiri.ro\/index.php\/wp-json\/wp\/v2\/posts\/40439","targetHints":{"allow":["GET"]}}],"collection":[{"href":"https:\/\/247stiri.ro\/index.php\/wp-json\/wp\/v2\/posts"}],"about":[{"href":"https:\/\/247stiri.ro\/index.php\/wp-json\/wp\/v2\/types\/post"}],"replies":[{"embeddable":true,"href":"https:\/\/247stiri.ro\/index.php\/wp-json\/wp\/v2\/comments?post=40439"}],"version-history":[{"count":0,"href":"https:\/\/247stiri.ro\/index.php\/wp-json\/wp\/v2\/posts\/40439\/revisions"}],"wp:featuredmedia":[{"embeddable":true,"href":"https:\/\/247stiri.ro\/index.php\/wp-json\/wp\/v2\/media\/40440"}],"wp:attachment":[{"href":"https:\/\/247stiri.ro\/index.php\/wp-json\/wp\/v2\/media?parent=40439"}],"wp:term":[{"taxonomy":"category","embeddable":true,"href":"https:\/\/247stiri.ro\/index.php\/wp-json\/wp\/v2\/categories?post=40439"},{"taxonomy":"post_tag","embeddable":true,"href":"https:\/\/247stiri.ro\/index.php\/wp-json\/wp\/v2\/tags?post=40439"}],"curies":[{"name":"wp","href":"https:\/\/api.w.org\/{rel}","templated":true}]}}