{"id":40442,"date":"2025-03-18T14:45:00","date_gmt":"2025-03-18T14:45:00","guid":{"rendered":"https:\/\/247stiri.ro\/index.php\/2025\/03\/18\/ursula-von-der-leyen-anunta-inarmarea-europei-cat-costa-si-cum-va-fi-pus-in-aplicare-reinarmarea-europei-live-text\/"},"modified":"2025-03-18T14:45:00","modified_gmt":"2025-03-18T14:45:00","slug":"ursula-von-der-leyen-anunta-inarmarea-europei-cat-costa-si-cum-va-fi-pus-in-aplicare-reinarmarea-europei-live-text","status":"publish","type":"post","link":"https:\/\/247stiri.ro\/index.php\/2025\/03\/18\/ursula-von-der-leyen-anunta-inarmarea-europei-cat-costa-si-cum-va-fi-pus-in-aplicare-reinarmarea-europei-live-text\/","title":{"rendered":"Ursula von Der Leyen anun\u021b\u0103 \u00eenarmarea Europei. C\u00e2t cost\u0103 \u0219i cum va fi pus \u00een aplicare \u201eRe\u00eenarmarea Europei\u201d LIVE Text"},"content":{"rendered":"<p>UPDATE Cuv\u00e2ntul \u00eenaugural\u00a0 este al premierului Danemarcei, Mette Frederiksen.<\/p>\n<p>Ea a subliniat necesitatea unei cre\u0219teri rapide a capacit\u0103\u021bilor de ap\u0103rare \u0219i a f\u0103cut apel la \u00eenfiin\u021barea unei ap\u0103r\u0103ri comune europene, prezent\u00e2nd concluziile ultimului summit al Celor 27 dedicat securit\u0103\u021bii continentului.<\/p>\n<p>Ursula Von der Leyen a salutat consensul statelor membre privind consolidarea ap\u0103r\u0103rii, un progres considerat imposibil cu doar c\u00e2teva s\u0103pt\u0103m\u00e2ni \u00een urm\u0103.<\/p>\n<p>&#8222;Multe dintre iluziile noastre sunt spulberate&#8221;<\/p>\n<p>Ea a men\u021bionat c\u0103 schimb\u0103rile \u00een angajamentul SUA fa\u021b\u0103 de Europa, mai ales \u00een Ucraina, dup\u0103 revenirea lui Donald Trump la Casa Alb\u0103, au avut un impact major asupra acestei decizii.<\/p>\n<p>\u201dOrdinea securit\u0103\u0163ii europene este zguduit\u0103, iar multe dintre iluziile noastre sunt spulberate\u201d, a declarat pre\u015fedinta Comisiei Europene.<\/p>","protected":false},"excerpt":{"rendered":"<p>UPDATE Cuv\u00e2ntul \u00eenaugural\u00a0 este al premierului Danemarcei, Mette Frederiksen. Ea a subliniat necesitatea unei cre\u0219teri&hellip;<\/p>\n","protected":false},"author":0,"featured_media":40430,"comment_status":"open","ping_status":"open","sticky":false,"template":"","format":"standard","meta":{"footnotes":""},"categories":[2],"tags":[],"class_list":["post-40442","post","type-post","status-publish","format-standard","has-post-thumbnail","hentry","category-actual"],"_links":{"self":[{"href":"https:\/\/247stiri.ro\/index.php\/wp-json\/wp\/v2\/posts\/40442","targetHints":{"allow":["GET"]}}],"collection":[{"href":"https:\/\/247stiri.ro\/index.php\/wp-json\/wp\/v2\/posts"}],"about":[{"href":"https:\/\/247stiri.ro\/index.php\/wp-json\/wp\/v2\/types\/post"}],"replies":[{"embeddable":true,"href":"https:\/\/247stiri.ro\/index.php\/wp-json\/wp\/v2\/comments?post=40442"}],"version-history":[{"count":0,"href":"https:\/\/247stiri.ro\/index.php\/wp-json\/wp\/v2\/posts\/40442\/revisions"}],"wp:featuredmedia":[{"embeddable":true,"href":"https:\/\/247stiri.ro\/index.php\/wp-json\/wp\/v2\/media\/40430"}],"wp:attachment":[{"href":"https:\/\/247stiri.ro\/index.php\/wp-json\/wp\/v2\/media?parent=40442"}],"wp:term":[{"taxonomy":"category","embeddable":true,"href":"https:\/\/247stiri.ro\/index.php\/wp-json\/wp\/v2\/categories?post=40442"},{"taxonomy":"post_tag","embeddable":true,"href":"https:\/\/247stiri.ro\/index.php\/wp-json\/wp\/v2\/tags?post=40442"}],"curies":[{"name":"wp","href":"https:\/\/api.w.org\/{rel}","templated":true}]}}