{"id":40444,"date":"2025-03-18T14:45:00","date_gmt":"2025-03-18T14:45:00","guid":{"rendered":"https:\/\/247stiri.ro\/index.php\/2025\/03\/18\/tanar-in-stare-critica-dupa-ce-a-fost-batut-crunt-de-un-minor-de-17-ani-cu-o-coada-de-topor-agresorul-si-un-alt-individ-sunt-cercetati-pentru-tentativa-de-omor\/"},"modified":"2025-03-18T14:45:00","modified_gmt":"2025-03-18T14:45:00","slug":"tanar-in-stare-critica-dupa-ce-a-fost-batut-crunt-de-un-minor-de-17-ani-cu-o-coada-de-topor-agresorul-si-un-alt-individ-sunt-cercetati-pentru-tentativa-de-omor","status":"publish","type":"post","link":"https:\/\/247stiri.ro\/index.php\/2025\/03\/18\/tanar-in-stare-critica-dupa-ce-a-fost-batut-crunt-de-un-minor-de-17-ani-cu-o-coada-de-topor-agresorul-si-un-alt-individ-sunt-cercetati-pentru-tentativa-de-omor\/","title":{"rendered":"T\u00e2n\u0103r \u00een stare critic\u0103, dup\u0103 ce a fost b\u0103tut crunt de un minor de 17 ani cu o coad\u0103 de topor. Agresorul \u0219i un alt individ sunt cerceta\u021bi pentru tentativ\u0103 de omor"},"content":{"rendered":"<p>Victima a fost lovit\u0103 \u00een mod repetat \u00een zona pieptului \u0219i \u00een cap cu coada de topor de c\u0103tre minorul \u00een v\u00e2rst\u0103 de 17 ani care acum este cercetat pentru tentativ\u0103 de omor calificat. \u00cen acest caz, oamenii legii au mai re\u021binut \u0219i un t\u00e2n\u0103r de 18 ani care cercetat pentru complicitate.\u00a0<\/p>\n<p>Anchetatorii spun c\u0103 agresorul \u0219i-ar fi premeditat fapta, \u00eentruc\u00e2t ar fi a\u015fteptat-o pe victim\u0103 la ie\u015firea din scara blocului \u00een care locuia, \u00een sectorul 4 al Capitalei, \u015fi ar fi venit \u00eenso\u0163it de al\u0163i trei tineri, \u00eenarma\u0163i cu un cu\u0163it, o coad\u0103 de topor \u015fi un spray lacrimogen.\u00a0<\/p>\n<p>\u00cen urma <a href=\"https:\/\/www.realitatea.net\/stiri\/actual\/ororile-la-spitalul-de-psihiatrie-stei-dezvaluite-de-procurori-pacienti-batuti-de-infirmieri-cu-pumnii-si-picioarele_67d491a3118ad0561d74b893\" target=\"_blank\">b\u0103t\u0103ii <\/a>\u00eencasate, t\u00e2n\u0103rul de 20 de ani a fost transportat de urgen\u021b\u0103 la spital, unde este \u00een stare critic\u0103.\u00a0<\/p>\n<p>Reprezentan\u021bii Parchetului de pe l\u00e2ng\u0103 Tribunalul Bucure\u015fti au transmis c\u0103 luni, 17 martie, procurori ai institu\u0163iei au pus \u00een mi\u015fcare ac\u0163iunea penal\u0103 \u00eempotriva a doi inculpa\u0163i (doi b\u0103rba\u0163i \u00een v\u00e2rst\u0103 de 17, respectiv 18 ani), cerceta\u0163i pentru tentativ\u0103 de omor calificat s\u0103v\u00e2r\u015fit cu premeditare, \u00een calitate de autor, respectiv complice, precum \u015fi pentru infrac\u0163iunea de tulburare a ordinii \u015fi lini\u015ftii publice.<\/p>\n<p>\u00cen baza mijloacelor de prob\u0103 administrate, procurorii au re\u0163inut, \u00een esen\u0163\u0103, c\u0103 duminic\u0103 16 martie, \u00een jurul orei 14:10, inculpatul \u00een v\u00e2rst\u0103 de 17 ani a mers \u00een apropierea blocului unui b\u0103rbat \u00een v\u00e2rst\u0103 de 20 de ani, din sectorul 4 al Capitalei, iar c\u00e2nd victima a ie\u015fit din scar\u0103 minorul a lovit-o \u00een repetate r\u00e2nduri \u00een torace \u015fi \u00een cap, cu o coad\u0103 de topor din lemn, provoc\u00e2ndu-i c\u0103derea \u015fi lovirea de p\u0103m\u00e2nt, arat\u0103 sursa citat\u0103.<\/p>\n<p>Potrivit oamenilor legii, probele au relevat c\u0103 inculpatul de 17 ani a premeditat fapta \u00eenarm\u00e2ndu-se cu o coad\u0103 de topor \u015fi merg\u00e2nd la locul s\u0103v\u00e2r\u015firii acesteia \u00eempreun\u0103 cu t\u00e2n\u0103rul de 18 ani \u2013 \u00eenarmat cu un cu\u0163it, precum \u015fi cu alte dou\u0103 persoane \u00eenarmate cu o coad\u0103 de topor, respectiv un spray iritant lacrimogen.<\/p>\n<p>Inculpatul \u00een v\u00e2rst\u0103 de 18 ani, acuzat de complicitate la tentativ\u0103 de omor calificat, i-a acordat sprijin moral autorului faptei, la fel cum au f\u0103cut \u015fi ceilal\u0163i doi participan\u0163i. Dintre cei din urm\u0103, unul este cercetat \u00een calitate de suspect pentru infrac\u0163iunea de complicitate la tentativ\u0103 de omor calificat \u015fi se \u00eencearc\u0103 depistarea sa, iar cel\u0103lalt nu a fost \u00eenc\u0103 identificat, arat\u0103 anchetatorii.<\/p>\n<p>Dup\u0103 ce a fost lovit \u00een repetate r\u00e2nduri cu coada de topor \u015fi a c\u0103zut la p\u0103m\u00e2nt, t\u00e2n\u0103rul de 20 de ani a r\u0103mas acolo \u00een stare convulsiv\u0103, fiind transportat \u00een stare grav\u0103 la Spitalul Universitar de Urgen\u0163\u0103 Bucure\u015fti. \u00cen prezent, starea victimei este critic\u0103.<\/p>\n<p>Cei doi inculpa\u0163i de 17 \u015fi, respectiv, 18 ani au fost re\u0163inu\u0163i pentru 24 de ore, iar ulterior un judec\u0103tor de la Tribunalul Bucure\u015fti a dispus arestarea lor preventiv\u0103 pentru 30 de zile.<\/p>\n<p>Parchetul de pe l\u00e2ng\u0103 Tribunalul Bucure\u015fti \u015fi Direc\u0163ia General\u0103 de Poli\u0163ie a Municipiului Bucure\u015fti \u2013 Serviciul Omoruri continu\u0103 cercet\u0103rile \u00een vederea g\u0103sirii suspectului men\u0163ionat mai sus, precum \u015fi pentru identificarea celui de-al patrulea participant.<\/p>","protected":false},"excerpt":{"rendered":"<p>Victima a fost lovit\u0103 \u00een mod repetat \u00een zona pieptului \u0219i \u00een cap cu coada&hellip;<\/p>\n","protected":false},"author":0,"featured_media":40445,"comment_status":"open","ping_status":"open","sticky":false,"template":"","format":"standard","meta":{"footnotes":""},"categories":[2],"tags":[],"class_list":["post-40444","post","type-post","status-publish","format-standard","has-post-thumbnail","hentry","category-actual"],"_links":{"self":[{"href":"https:\/\/247stiri.ro\/index.php\/wp-json\/wp\/v2\/posts\/40444","targetHints":{"allow":["GET"]}}],"collection":[{"href":"https:\/\/247stiri.ro\/index.php\/wp-json\/wp\/v2\/posts"}],"about":[{"href":"https:\/\/247stiri.ro\/index.php\/wp-json\/wp\/v2\/types\/post"}],"replies":[{"embeddable":true,"href":"https:\/\/247stiri.ro\/index.php\/wp-json\/wp\/v2\/comments?post=40444"}],"version-history":[{"count":0,"href":"https:\/\/247stiri.ro\/index.php\/wp-json\/wp\/v2\/posts\/40444\/revisions"}],"wp:featuredmedia":[{"embeddable":true,"href":"https:\/\/247stiri.ro\/index.php\/wp-json\/wp\/v2\/media\/40445"}],"wp:attachment":[{"href":"https:\/\/247stiri.ro\/index.php\/wp-json\/wp\/v2\/media?parent=40444"}],"wp:term":[{"taxonomy":"category","embeddable":true,"href":"https:\/\/247stiri.ro\/index.php\/wp-json\/wp\/v2\/categories?post=40444"},{"taxonomy":"post_tag","embeddable":true,"href":"https:\/\/247stiri.ro\/index.php\/wp-json\/wp\/v2\/tags?post=40444"}],"curies":[{"name":"wp","href":"https:\/\/api.w.org\/{rel}","templated":true}]}}