{"id":40446,"date":"2025-03-18T14:45:01","date_gmt":"2025-03-18T14:45:01","guid":{"rendered":"https:\/\/247stiri.ro\/index.php\/2025\/03\/18\/instanta-suprema-cere-redeschiderea-dosarului-colectiv-la-10-ani-de-la-incendiu-arafat-si-banicioiu-vizati-de-noua-ancheta\/"},"modified":"2025-03-18T14:45:01","modified_gmt":"2025-03-18T14:45:01","slug":"instanta-suprema-cere-redeschiderea-dosarului-colectiv-la-10-ani-de-la-incendiu-arafat-si-banicioiu-vizati-de-noua-ancheta","status":"publish","type":"post","link":"https:\/\/247stiri.ro\/index.php\/2025\/03\/18\/instanta-suprema-cere-redeschiderea-dosarului-colectiv-la-10-ani-de-la-incendiu-arafat-si-banicioiu-vizati-de-noua-ancheta\/","title":{"rendered":"Instan\u021ba Suprem\u0103 cere redeschiderea dosarului Colectiv, la 10 ani de la incendiu: Arafat \u0219i B\u0103nicioiu, viza\u021bi de noua anchet\u0103"},"content":{"rendered":"<p>Motivarea de la \u00cenalta Curte de Casa\u021bie \u0219i Justi\u021bie<\/p>\n<p>\u201eAdmite pl\u00e2ngerile formulate de peten\u0163ii Nicodemus Marvin, \u015etefan Mihaela, \u015etefan Cariolan, \u015etefan Andrei Florian, Chelba Irina \u015fi Geamba\u015fu Ruxandra \u00eempotriva ordonan\u0163ei din data de 04 iunie 2024 emis\u0103 \u00een dosarul nr. 184\/P\/2019 al Parchetului de pe l\u00e2ng\u0103 \u00cenalta Curte de Casa\u0163ie \u015fi Justi\u0163ie &#8211; Sec\u0163ia de urm\u0103rire penal\u0103, men?inut\u0103 prin ordonan?a nr. 166\/II\/2\/2024 din data de 04 septembrie 2024 a procurorului \u015fef al Sec\u0163iei de urm\u0103rire penal\u0103 din cadrul Parchetului de pe l\u00e2ng\u0103 \u00cenalta Curte de Casa\u0163ie \u015fi Justi\u0163ie \u015fi prin ordonan\u0163ele nr. 194\/II\/2\/2024 \u015fi nr. 195\/II\/2\/2024 emise la data de 22 octombrie 2024 de procurorul \u015fef al Sec\u0163iei de urm\u0103rire penal\u0103 din cadrul Parchetului de pe l\u00e2ng\u0103 \u00cenalta Curte de Casa\u0163ie \u015fi Justi\u0163ie. Desfiin\u0163eaz\u0103 solu\u0163ia atacat\u0103 \u015fi trimite cauza \u00een vederea continu\u0103rii urm\u0103rii penale. Cheltuielile judiciare ocazionate de prezentele pl\u00e2ngeri r\u0103m\u00e2n \u00een sarcina statului. Onorariul cuvenit interpretului de limb\u0103 german\u0103 se suport\u0103 din fondurile \u00cenaltei Cur\u0163i de Casa\u0163ie \u015fi Justi\u0163ie. Definitiv\u0103. Pronun\u0163at\u0103 \u00een ?edin?a camerei de consiliu, ast\u0103zi, 18 martie 2025.\u201d<\/p>\n<p><a href=\"https:\/\/www.realitatea.net\/stiri\/politica\/politicienii-care-au-demisionat-dupa-tragedia-de-la-colectiv-vor-din-nou-la-putere-premierul-dat-jos-de-popor-vrea-sa-fie-presedintele-romaniei_67d7c6875a40dc62254ab062\" target=\"_blank\">Politicienii care au demisionat dup\u0103 tragedia de la Colectiv vor din nou la putere: premierul dat jos de popor vrea s\u0103 fie pre\u0219edintele Rom\u00e2niei<\/a><\/p>\n<p>Politicienii care au pierdut puterea \u00een urma tragediei de la Colectiv de acum 10 ani vor din nou s\u0103 ocupe func\u021bii \u00een fruntea statului. Fostul premier Victor Ponta se viseaz\u0103 acum pe cai mari la Cotroceni, iar fostul primar al Sectorului 4 de la acea vreme, Cristian Popescu Piedone, actualul \u0219ef al ANPC str\u00e2nge zilnic capital de imagine cu filmule\u021bele pe care le posteaz\u0103 de la controale. Ca \u0219i cum rom\u00e2nii au uitat de corup\u021bia care a revoltat o \u021bar\u0103 \u00eentreag\u0103, politicienii de atunci manipuleaz\u0103 acum masele \u00een \u00eencercarea disperat\u0103 de a ajunge iar \u00een func\u021bii.\u00a0<\/p>\n<p><a href=\"https:\/\/www.realitatea.net\/stiri\/actual\/detalii-socante-din-clubul-in-flacari-coruptie-can-romania-revolta-uriasa-dupa-tragedia-care-a-socat-o-tara-intreaga_67d7d16de4f5b278b2065f25\" target=\"_blank\">Detalii \u0218OCANTE din clubul \u00een fl\u0103c\u0103ri din Macedonia: corup\u021bie ca-n Rom\u00e2nia. Revolt\u0103 uria\u0219\u0103 dup\u0103 tragedia care a \u0219ocat o \u021bar\u0103 \u00eentreag\u0103<\/a><\/p>\n<p>Ies la iveal\u0103 noi detalii \u0219ocante despre tragedia din Macedonia de Nord similar\u0103 cu dezastrul de la Colectiv de acum 10 ani. Se investigheaz\u0103 cazuri de corup\u021bie la fel ca \u00een \u021bara noastr\u0103 dup\u0103 ce 59 de tineri au murit \u0219i peste 150 au fost r\u0103ni\u021bi.<\/p>\n<p>La fel ca \u0219i la noi, clubul care a luat foc din cauza unor artificii nu avea autoriza\u021bie de func\u021bionare. Ministrul de Interne de acolo spune c\u0103 20 de persoane sunt considerate suspecte \u0219i au fost re\u021binu\u021bi mai mul\u021bi oameni.<\/p>\n<p><a href=\"https:\/\/www.realitatea.net\/stiri\/extern\/noi-detalii-in-cazul-tragediei-din-macedonia-de-nord-proprietarul-clubului-pulse-retinut-dupa-incendiul-devastator_67d6d030839be1452e7d9422\" target=\"_blank\">\u00a0Pe lista neagr\u0103 a suspec\u021bilor<\/a>\u00a0este \u0219i un fost secretar de stat din Ministerul Economiei.\u00a0<\/p>\n<p>Acestea sunt primele imagini care au surprins momentele de dinaintea tragediei c\u00e2nd acoperi\u0219ul clubului \u00een care se aflau aproximativ 1.500 de persoane a luat foc. Panica s-a instalat imediat iar persoanele care se aflau \u00een interior au \u00eencercat disperate s\u0103 se salveze.<\/p>","protected":false},"excerpt":{"rendered":"<p>Motivarea de la \u00cenalta Curte de Casa\u021bie \u0219i Justi\u021bie \u201eAdmite pl\u00e2ngerile formulate de peten\u0163ii Nicodemus&hellip;<\/p>\n","protected":false},"author":0,"featured_media":40447,"comment_status":"open","ping_status":"open","sticky":false,"template":"","format":"standard","meta":{"footnotes":""},"categories":[2],"tags":[],"class_list":["post-40446","post","type-post","status-publish","format-standard","has-post-thumbnail","hentry","category-actual"],"_links":{"self":[{"href":"https:\/\/247stiri.ro\/index.php\/wp-json\/wp\/v2\/posts\/40446","targetHints":{"allow":["GET"]}}],"collection":[{"href":"https:\/\/247stiri.ro\/index.php\/wp-json\/wp\/v2\/posts"}],"about":[{"href":"https:\/\/247stiri.ro\/index.php\/wp-json\/wp\/v2\/types\/post"}],"replies":[{"embeddable":true,"href":"https:\/\/247stiri.ro\/index.php\/wp-json\/wp\/v2\/comments?post=40446"}],"version-history":[{"count":0,"href":"https:\/\/247stiri.ro\/index.php\/wp-json\/wp\/v2\/posts\/40446\/revisions"}],"wp:featuredmedia":[{"embeddable":true,"href":"https:\/\/247stiri.ro\/index.php\/wp-json\/wp\/v2\/media\/40447"}],"wp:attachment":[{"href":"https:\/\/247stiri.ro\/index.php\/wp-json\/wp\/v2\/media?parent=40446"}],"wp:term":[{"taxonomy":"category","embeddable":true,"href":"https:\/\/247stiri.ro\/index.php\/wp-json\/wp\/v2\/categories?post=40446"},{"taxonomy":"post_tag","embeddable":true,"href":"https:\/\/247stiri.ro\/index.php\/wp-json\/wp\/v2\/tags?post=40446"}],"curies":[{"name":"wp","href":"https:\/\/api.w.org\/{rel}","templated":true}]}}