{"id":40461,"date":"2025-03-18T15:44:50","date_gmt":"2025-03-18T15:44:50","guid":{"rendered":"https:\/\/247stiri.ro\/index.php\/2025\/03\/18\/dat-afara-din-psd-victor-ponta-a-fost-scos-si-dintr-o-comisie-a-camerei-deputatilor\/"},"modified":"2025-03-18T15:44:50","modified_gmt":"2025-03-18T15:44:50","slug":"dat-afara-din-psd-victor-ponta-a-fost-scos-si-dintr-o-comisie-a-camerei-deputatilor","status":"publish","type":"post","link":"https:\/\/247stiri.ro\/index.php\/2025\/03\/18\/dat-afara-din-psd-victor-ponta-a-fost-scos-si-dintr-o-comisie-a-camerei-deputatilor\/","title":{"rendered":"Dat afar\u0103 din PSD, Victor Ponta a fost scos \u0219i dintr-o comisie a Camerei Deputa\u021bilor"},"content":{"rendered":"<p>Victor Ponta a scris mar\u0163i, 18 martie, pe Facebook, c\u0103 a fost informat c\u0103, cu o zi \u00eenainte, conducerea PNL, prin vocea lui Hubert Thuma (\u015feful de campanie \u015fi principalul finan\u0163ator al lui Crin Antonescu), a solicitat vehement schimbarea sa din func\u0163ia de pre\u015fedinte al comisiei de Politic\u0103 Economic\u0103 din Camera Deputa\u0163ilor.<\/p>\n<p>Ponta a transmis c\u0103, dac\u0103 va ajunge pre\u015fedinte, va combate mafiile transpartinice \u015fi va elimina din politic\u0103 to\u0163i reprezentan\u0163ii \u015fi marionetele acestora.<\/p>\n<p>\u201dRom\u00e2nia are nevoie de competen\u0163\u0103 \u015fi de lideri adev\u0103ra\u0163i! Am fost, p\u00e2n\u0103 ast\u0103zi, pre\u015fedintele Comisiei de Politic\u0103 Economic\u0103 din Camera Deputa\u0163ilor \u015fi am exercitat aceast\u0103 func\u0163ie cu onoare \u015fi profesionalism. Am fost informat c\u0103, ieri, conducerea PNL, prin vocea domnului Hubert Thuma\u00a0a solicitat vehement schimbarea mea din aceast\u0103 pozi\u0163ie\u201d, a scris Ponta pe Facebook.<\/p>\n<p>Declar\u00e2ndu-se preg\u0103tit s\u0103 fie pre\u0219edintele \u021b\u0103rii, Ponta promite c\u0103 va pune \u201dcompeten\u0163a \u015fi patriotismul pe primul loc.\u201d<\/p>\n<p>\u201dVoi combate mafiile transpartinice \u015fi voi elimina din politic\u0103 to\u0163i reprezentan\u0163ii \u015fi marionetele acestora! Punem Rom\u00e2nia pe primul loc! A\u015fa s\u0103 ne ajute Dumnezeu!\u201d, amai scris candidatul independent la preziden\u0163iale.<\/p>\n<p>Pe 12 martie, Ponta a fost exclus din PSD, dup\u0103 ce \u015fi-a depus candidatura la alegerile preziden\u0163iale. Ponta era suspendat din partid, \u00eens\u0103 este deputat PSD, ales pe listele social-democra\u0163ilor.<\/p>","protected":false},"excerpt":{"rendered":"<p>Victor Ponta a scris mar\u0163i, 18 martie, pe Facebook, c\u0103 a fost informat c\u0103, cu&hellip;<\/p>\n","protected":false},"author":0,"featured_media":40454,"comment_status":"open","ping_status":"open","sticky":false,"template":"","format":"standard","meta":{"footnotes":""},"categories":[2],"tags":[],"class_list":["post-40461","post","type-post","status-publish","format-standard","has-post-thumbnail","hentry","category-actual"],"_links":{"self":[{"href":"https:\/\/247stiri.ro\/index.php\/wp-json\/wp\/v2\/posts\/40461","targetHints":{"allow":["GET"]}}],"collection":[{"href":"https:\/\/247stiri.ro\/index.php\/wp-json\/wp\/v2\/posts"}],"about":[{"href":"https:\/\/247stiri.ro\/index.php\/wp-json\/wp\/v2\/types\/post"}],"replies":[{"embeddable":true,"href":"https:\/\/247stiri.ro\/index.php\/wp-json\/wp\/v2\/comments?post=40461"}],"version-history":[{"count":0,"href":"https:\/\/247stiri.ro\/index.php\/wp-json\/wp\/v2\/posts\/40461\/revisions"}],"wp:featuredmedia":[{"embeddable":true,"href":"https:\/\/247stiri.ro\/index.php\/wp-json\/wp\/v2\/media\/40454"}],"wp:attachment":[{"href":"https:\/\/247stiri.ro\/index.php\/wp-json\/wp\/v2\/media?parent=40461"}],"wp:term":[{"taxonomy":"category","embeddable":true,"href":"https:\/\/247stiri.ro\/index.php\/wp-json\/wp\/v2\/categories?post=40461"},{"taxonomy":"post_tag","embeddable":true,"href":"https:\/\/247stiri.ro\/index.php\/wp-json\/wp\/v2\/tags?post=40461"}],"curies":[{"name":"wp","href":"https:\/\/api.w.org\/{rel}","templated":true}]}}