{"id":40463,"date":"2025-03-18T15:44:51","date_gmt":"2025-03-18T15:44:51","guid":{"rendered":"https:\/\/247stiri.ro\/index.php\/2025\/03\/18\/dan-tanasa-guvernul-ciolacu-pregateste-un-minister-al-adevarului-care-sa-instrumenteze-cenzurarea-retelelor-de-socializare\/"},"modified":"2025-03-18T15:44:51","modified_gmt":"2025-03-18T15:44:51","slug":"dan-tanasa-guvernul-ciolacu-pregateste-un-minister-al-adevarului-care-sa-instrumenteze-cenzurarea-retelelor-de-socializare","status":"publish","type":"post","link":"https:\/\/247stiri.ro\/index.php\/2025\/03\/18\/dan-tanasa-guvernul-ciolacu-pregateste-un-minister-al-adevarului-care-sa-instrumenteze-cenzurarea-retelelor-de-socializare\/","title":{"rendered":"Dan Tanas\u0103: \u201dGuvernul Ciolacu preg\u0103te\u015fte un minister al adev\u0103rului care s\u0103 instrumenteze cenzurarea re\u0163elelor de socializare\u201d"},"content":{"rendered":"<p>T\u0103nas\u0103 arat\u0103 \u00eentr-un comunicat c\u0103, f\u0103r\u0103 s\u0103 aib\u0103 absolut nicio baz\u0103 legal\u0103 pentru a face asta, pre\u015fedintele interimar Ilie Bolojan a chemat la ordine reprezentan\u0163ii institu\u0163iilor \u015fi autorit\u0103\u0163ilor publice responsabile cu organizarea alegerilor preziden\u0163iale din luna mai.<\/p>\n<p>\u201dPotrivit Administra\u0163iei Preziden\u0163iale, la \u00eent\u00e2lnirea de la Cotroceni au participat premierul Marcel Ciolacu, vicepremierii Marian Neac\u015fu \u015fi C\u0103t\u0103lin Predoiu, secretarul de stat \u00een Ministerul Afacerilor Externe, Ana Cristina Tinca, pre\u015fedintele interimar al Autorit\u0103\u0163ii Electorale Permanente, Zsombor Vajda, vicepre\u015fedintele Consiliului Na\u0163ional al Audiovizualului, Valentin Alexandru Jucan, pre\u015fedintele Autorit\u0103\u0163ii Na\u0163ionale pentru Administrare \u015fi Reglementare \u00een Comunica\u0163ii, Valeriu Zgonea, pre\u015fedintele Consiliului Na\u0163ional pentru Combaterea Discrimin\u0103rii, Csaba Ferenc Asztalos, \u015fi directorul Directoratului Na\u0163ional de Securitate Cibernetic\u0103, Dan C\u00eempean. Ulterior, opinia public\u0103 a fost informat\u0103 cu privire la faptul se \u00eenfiin\u0163eaz\u0103 un grup de lucru pentru o bun\u0103 coordonare \u015fi colaborare \u00eentre AEP, BEC, CNA \u015fi ANCOM\u201d, spune deputatul AUR.<\/p>\n<p>\u201dCare este responsabilitatea legal\u0103 a ANCOM \u00een organizarea alegerilor preziden\u0163iale din luna mai? Absolut niciuna. ANCOM este o autoritate public\u0103 autonom\u0103, aflat\u0103 sub controlul Parlamentului Rom\u00e2niei, cu rol de reglementare \u015fi supraveghere \u00een domeniul comunica\u0163iilor electronice \u015fi serviciilor po\u015ftale. Ce caut\u0103 ANCOM la o discu\u0163ie despre alegerile preziden\u0163iale? Activitatea ANCOM a fost complet alterat\u0103 sub comanda lui Valeriu Zgonea, institu\u0163ia fiind preg\u0103tit\u0103 s\u0103 devin\u0103 o b\u00e2t\u0103 politic\u0103 \u00een m\u00e2na coali\u0163iei PSD-PNL-UDMR. Mai mult, Guvernul Ciolacu preg\u0103te\u015fte un minister al adev\u0103rului care, sub coordonarea lui Valeriu Zgonea, s\u0103 instrumenteze cenzurarea re\u0163elelor de socializare, singurul loc unde rom\u00e2nii mai pot avea acces liber la informa\u0163ii\u201d, mai arat\u0103 Dan Tanas\u0103.<\/p>\n<p>\u201dDespre ce alegeri libere putem discuta at\u00e2ta timp c\u00e2t un politruc politic condamnat penal, despre care instan\u0163a a spus c\u0103 trebuie neap\u0103rat s\u0103 execute pedeapsa \u00een penitenciar, este pus de coali\u0163ia PSD-PNL-UDMR s\u0103 coordoneze un minister al adev\u0103rului care s\u0103 cenzureze con\u0163inutul re\u0163elelor de socializare?\u201d, mai spune el.<\/p>","protected":false},"excerpt":{"rendered":"<p>T\u0103nas\u0103 arat\u0103 \u00eentr-un comunicat c\u0103, f\u0103r\u0103 s\u0103 aib\u0103 absolut nicio baz\u0103 legal\u0103 pentru a face&hellip;<\/p>\n","protected":false},"author":0,"featured_media":40458,"comment_status":"open","ping_status":"open","sticky":false,"template":"","format":"standard","meta":{"footnotes":""},"categories":[2],"tags":[],"class_list":["post-40463","post","type-post","status-publish","format-standard","has-post-thumbnail","hentry","category-actual"],"_links":{"self":[{"href":"https:\/\/247stiri.ro\/index.php\/wp-json\/wp\/v2\/posts\/40463","targetHints":{"allow":["GET"]}}],"collection":[{"href":"https:\/\/247stiri.ro\/index.php\/wp-json\/wp\/v2\/posts"}],"about":[{"href":"https:\/\/247stiri.ro\/index.php\/wp-json\/wp\/v2\/types\/post"}],"replies":[{"embeddable":true,"href":"https:\/\/247stiri.ro\/index.php\/wp-json\/wp\/v2\/comments?post=40463"}],"version-history":[{"count":0,"href":"https:\/\/247stiri.ro\/index.php\/wp-json\/wp\/v2\/posts\/40463\/revisions"}],"wp:featuredmedia":[{"embeddable":true,"href":"https:\/\/247stiri.ro\/index.php\/wp-json\/wp\/v2\/media\/40458"}],"wp:attachment":[{"href":"https:\/\/247stiri.ro\/index.php\/wp-json\/wp\/v2\/media?parent=40463"}],"wp:term":[{"taxonomy":"category","embeddable":true,"href":"https:\/\/247stiri.ro\/index.php\/wp-json\/wp\/v2\/categories?post=40463"},{"taxonomy":"post_tag","embeddable":true,"href":"https:\/\/247stiri.ro\/index.php\/wp-json\/wp\/v2\/tags?post=40463"}],"curies":[{"name":"wp","href":"https:\/\/api.w.org\/{rel}","templated":true}]}}