{"id":40474,"date":"2025-03-18T16:45:02","date_gmt":"2025-03-18T16:45:02","guid":{"rendered":"https:\/\/247stiri.ro\/index.php\/2025\/03\/18\/intalnire-de-urgenta-bolojan-ciolacu-nu-trimitem-trupe-in-ucraina\/"},"modified":"2025-03-18T16:45:02","modified_gmt":"2025-03-18T16:45:02","slug":"intalnire-de-urgenta-bolojan-ciolacu-nu-trimitem-trupe-in-ucraina","status":"publish","type":"post","link":"https:\/\/247stiri.ro\/index.php\/2025\/03\/18\/intalnire-de-urgenta-bolojan-ciolacu-nu-trimitem-trupe-in-ucraina\/","title":{"rendered":"\u00cent\u00e2lnire de urgen\u021b\u0103 Bolojan-Ciolacu: Nu trimitem trupe \u00een Ucraina"},"content":{"rendered":"<p>Surse Realitatea PLUS spun c\u0103 a fost o consultare \u00eentre pre\u0219edin\u021bie \u0219i Guvern. Premierul \u0219i pre\u0219edintele interimar s-au \u00eent\u00e2lnit ca s\u0103 se pun\u0103 de acord pe temele pe care le vor aborda la Consiliul European, teme de ap\u0103rare, c\u00e2t \u0219i pe subiecte economice astfel \u00eenc\u00e2t \u021bara noastr\u0103 s\u0103 aib\u0103 pozi\u021bii convergente.\u00a0<\/p>\n<p>Potrivit acelora\u0219i surse, Ilie Bolojan \u0219i Marcel Ciolacu au discutat \u0219i despre pozi\u021bia clar\u0103 a Rom\u00e2niei de a<a href=\"https:\/\/www.realitatea.net\/stiri\/actual\/marcel-ciolacu-asigura-ca-romania-nu-va-trimite-trupe-in-ucraina-si-ca-nu-vom-intra-in-razboi_67d43035eb94c234b872942b\" target=\"_blank\"> nu trimite trupe \u00een Ucraina<\/a>. C\u00e2t despre cheltuielile de ap\u0103rare, pre\u0219edintele \u0219i premierul au stabilit c\u0103 nu vor intra \u00een deficit.\u00a0<\/p>\n<p>Anterior, Marcel Ciolacu a declarat c\u0103 Rom\u00e2nia a sus\u021binut mereu solu\u021bia de exceptare a cheltuielilor de ap\u0103rare de la procedura deficitului excesiv.\u00a0<\/p>\n<p>La r\u00e2ndul s\u0103u, Ilie Bolojan a spus c\u0103 dac\u0103 pre\u0219edintele Rom\u00e2niei \u00ee\u0219i asum\u0103 ni\u0219te r\u0103spunderi acele lucruri trebuie puse apoi \u00een practic\u0103 de un Guvern, pentru c\u0103 nu e o problem\u0103 de credibilitate a unei persoane, ci e o problem\u0103 de credibilitate a \u021b\u0103rii noastre.<\/p>","protected":false},"excerpt":{"rendered":"<p>Surse Realitatea PLUS spun c\u0103 a fost o consultare \u00eentre pre\u0219edin\u021bie \u0219i Guvern. Premierul \u0219i&hellip;<\/p>\n","protected":false},"author":0,"featured_media":40470,"comment_status":"open","ping_status":"open","sticky":false,"template":"","format":"standard","meta":{"footnotes":""},"categories":[2],"tags":[],"class_list":["post-40474","post","type-post","status-publish","format-standard","has-post-thumbnail","hentry","category-actual"],"_links":{"self":[{"href":"https:\/\/247stiri.ro\/index.php\/wp-json\/wp\/v2\/posts\/40474","targetHints":{"allow":["GET"]}}],"collection":[{"href":"https:\/\/247stiri.ro\/index.php\/wp-json\/wp\/v2\/posts"}],"about":[{"href":"https:\/\/247stiri.ro\/index.php\/wp-json\/wp\/v2\/types\/post"}],"replies":[{"embeddable":true,"href":"https:\/\/247stiri.ro\/index.php\/wp-json\/wp\/v2\/comments?post=40474"}],"version-history":[{"count":0,"href":"https:\/\/247stiri.ro\/index.php\/wp-json\/wp\/v2\/posts\/40474\/revisions"}],"wp:featuredmedia":[{"embeddable":true,"href":"https:\/\/247stiri.ro\/index.php\/wp-json\/wp\/v2\/media\/40470"}],"wp:attachment":[{"href":"https:\/\/247stiri.ro\/index.php\/wp-json\/wp\/v2\/media?parent=40474"}],"wp:term":[{"taxonomy":"category","embeddable":true,"href":"https:\/\/247stiri.ro\/index.php\/wp-json\/wp\/v2\/categories?post=40474"},{"taxonomy":"post_tag","embeddable":true,"href":"https:\/\/247stiri.ro\/index.php\/wp-json\/wp\/v2\/tags?post=40474"}],"curies":[{"name":"wp","href":"https:\/\/api.w.org\/{rel}","templated":true}]}}