{"id":40489,"date":"2025-03-18T17:44:57","date_gmt":"2025-03-18T17:44:57","guid":{"rendered":"https:\/\/247stiri.ro\/index.php\/2025\/03\/18\/presedintele-aur-interiviu-in-spaniola-pentru-un-celebru-influencer-romania-trebuie-sa-revina-la-democratie-la-alegeri-libere\/"},"modified":"2025-03-18T17:44:57","modified_gmt":"2025-03-18T17:44:57","slug":"presedintele-aur-interiviu-in-spaniola-pentru-un-celebru-influencer-romania-trebuie-sa-revina-la-democratie-la-alegeri-libere","status":"publish","type":"post","link":"https:\/\/247stiri.ro\/index.php\/2025\/03\/18\/presedintele-aur-interiviu-in-spaniola-pentru-un-celebru-influencer-romania-trebuie-sa-revina-la-democratie-la-alegeri-libere\/","title":{"rendered":"Pre\u0219edintele AUR, interiviu \u00een spaniol\u0103 pentru un celebru influencer: \u201dRom\u00e2nia trebuie s\u0103 revin\u0103 la democra\u021bie, la alegeri libere\u201d"},"content":{"rendered":"<p>\u00cen cadrul acestui interviu, <a href=\"https:\/\/www.realitatea.net\/stiri\/politica\/simion-dupa-raportul-comisiei-de-la-venetia-pe-alegeri-trebuie-sa-revenim-la-normal-nu-are-nimeni-nimic-cu-voi-cat-timp-nu-persistati-in-abuzuri_67d96b7124b4a81165682412\" target=\"_blank\">liderul AUR <\/a>a vorbit despre mobilizarea impresionant\u0103 a rom\u00e2nilor, at\u00e2t din \u021bar\u0103, c\u00e2t \u0219i din str\u0103in\u0103tate, pentru a str\u00e2nge semn\u0103turile necesare candidaturii sale la pre\u0219edin\u021bia Rom\u00e2niei, dar \u0219i despre scopul pentru care a intrat \u00een cursa pentru Cotroceni.\u00a0<\/p>\n<p>Ines Sainz: Vinerea trecut\u0103 \u021bi-ai depus candidatura pentru urm\u0103toarele alegeri preziden\u021biale. Situa\u021bia politic\u0103 din Rom\u00e2nia este foarte tulbure dup\u0103 anularea alegerilor din decembrie. Nu cred c\u0103 a fost u\u0219or s\u0103 ob\u021bii sprijinul necesar pentru a alerga.<\/p>\n<p>George Simion: A fost o mobilizare incredibil\u0103 a rom\u00e2nilor. \u00cen mai pu\u021bin de dou\u0103 zile am reu\u0219it s\u0103 str\u00e2ngem peste 600.000 de semn\u0103turi, de trei ori mai mult dec\u00e2t prevede legea rom\u00e2neasc\u0103 pentru a candida la alegerile preziden\u021biale. Am avut sprijinul nu doar al rom\u00e2nilor din \u021bara noastr\u0103, ci \u0219i al rom\u00e2nilor din str\u0103in\u0103tate. Mul\u021bi rom\u00e2ni cu domiciliul \u00een Spania au semnat \u00een favoarea candidaturii mele \u0219i au trimis listele lor \u00een timp record pentru a le putea prezenta Biroului Electoral. Le mul\u021bumesc tuturor pentru efortul extraordinar de care au dat dovad\u0103 \u00een ultimele zile.<\/p>\n<p>Ines Sainz: Biroul Electoral Central a acceptat candidatura dumneavoastr\u0103. Cu toate acestea, Curtea Constitu\u021bional\u0103, aceea\u0219i care a anulat alegerile anterioare, a respins contesta\u021biile \u00eempotriva candidaturii dumneavoastr\u0103, \u00eens\u0103 decizia final\u0103 va fi luat\u0103 mar\u021bi. Sunte\u021bi \u00eencrez\u0103tor c\u0103 vi se va permite s\u0103 candida\u021bi la aceste alegeri?<\/p>\n<p>George Simion: Sunt \u00eencrez\u0103tor c\u0103 vom dep\u0103\u0219i acest ultim pas. Dup\u0103 toat\u0103 nebunia din ultimele trei luni, Rom\u00e2nia trebuie s\u0103 revin\u0103 la democra\u021bie, la alegeri libere. Aceasta este ceea ce cerem din decembrie. Nic\u0103ieri \u00een lumea liber\u0103 nu se anuleaz\u0103 alegerile doar pentru c\u0103 nu-\u021bi place cine a fost ales. Starea profund\u0103 nu ne va aduce \u00een genunchi. Rom\u00e2nii au fost \u00een\u0219ela\u021bi \u0219i manipula\u021bi de sistem de prea mult timp. E timpul s\u0103 ne trezim!<\/p>\n<p>Ines Sainz: Rom\u00e2nia are foarte multe \u00een joc la aceste alegeri, dar, dup\u0103 cum am v\u0103zut din sprijinul primit, \u0219i Europa are multe \u00een joc. Este libertatea \u00een joc?<\/p>\n<p>George Simion: Da, libertatea \u0219i democra\u021bia \u00eens\u0103\u0219i sunt \u00een joc. Miza este mai mare ca niciodat\u0103. Nu este vorba doar despre Rom\u00e2nia. Totul tine de Europa. Acea Europ\u0103 a libert\u0103\u021bii, a bun\u0103st\u0103rii \u0219i a normalit\u0103\u021bii \u00een care vrem s\u0103 tr\u0103im. Vrem libertate, nu tiranie. Vrem democra\u021bie, nu dictatur\u0103. \u00a0Noi, rom\u00e2nii, am tr\u0103it sub regimuri totalitare \u0219i \u0219tim foarte bine ce \u00eenseamn\u0103 s\u0103 ni se fure libertatea \u0219i s\u0103 ne fie \u00eenc\u0103lcate drepturile fundamentale. Aceasta este lupta noastr\u0103 \u0219i nu ne vom opri p\u00e2n\u0103 nu vom reu\u0219i.<\/p>\n<p>Ines Sainz: \u0218i acum ultima \u00eentrebare a publicului nostru: Dac\u0103 pre\u0219edintele este ales va \u00eenainta o reform\u0103 a puterii judiciare care s\u0103 \u00eempiedice ca tribunalele s\u0103 depind\u0103 de ambele partide?<\/p>\n<p>George Simion: Da, o reform\u0103 fundamental\u0103 a modului \u00een care sunt ale\u0219i membrii Cur\u021bii Constitu\u021bionale este extrem de necesar\u0103. Deciziile arbitrare \u0219i influen\u021bate politic ne-au condus la o criz\u0103 grav\u0103 \u0219i f\u0103r\u0103 precedent. \u00cen programul nostru de guvernare am propus ca judec\u0103torii Cur\u021bii Constitu\u021bionale s\u0103 fie ale\u0219i direct de poporul rom\u00e2n, \u0219i nu numi\u021bi politic, a\u0219a cum se \u00eent\u00e2mpl\u0103 ast\u0103zi.\u00a0<\/p>\n<p>Curtea Constitu\u021bional\u0103 trebuie s\u0103 fie independent\u0103 de orice autoritate \u0219i s\u0103 garanteze suprema\u021bia Constitu\u021biei Rom\u00e2niei, nu un instrument de lupt\u0103 politic\u0103.<\/p>\n<p>Os dejo una breve entrevista en espa\u00f1ol con<a href=\"https:\/\/twitter.com\/georgesimion?ref_src=twsrc%5Etfw\">@georgesimion<\/a>, Presidente de <a href=\"https:\/\/twitter.com\/partidulaur?ref_src=twsrc%5Etfw\">@partidulaur<\/a>, sobre la aceptaci\u00f3n de su candidatura a las elecciones presidenciales de <a href=\"https:\/\/twitter.com\/hashtag\/Rumania?src=hash&amp;ref_src=twsrc%5Etfw\">#Rumania<\/a>. Hoy es un d\u00eda muy importante para ellos. \u00a1Mucha suerte George! \u2764\ufe0f <a href=\"https:\/\/t.co\/g6UJwo8idK\">pic.twitter.com\/g6UJwo8idK<\/a><\/p>\n<p>\u2014 In\u00e9s Sainz \u271d\ufe0f (@InesSainzOf) <a href=\"https:\/\/twitter.com\/InesSainzOf\/status\/1901973543274840099?ref_src=twsrc%5Etfw\">March 18, 2025<\/a><\/p>","protected":false},"excerpt":{"rendered":"<p>\u00cen cadrul acestui interviu, liderul AUR a vorbit despre mobilizarea impresionant\u0103 a rom\u00e2nilor, at\u00e2t din&hellip;<\/p>\n","protected":false},"author":0,"featured_media":40484,"comment_status":"open","ping_status":"open","sticky":false,"template":"","format":"standard","meta":{"footnotes":""},"categories":[2],"tags":[],"class_list":["post-40489","post","type-post","status-publish","format-standard","has-post-thumbnail","hentry","category-actual"],"_links":{"self":[{"href":"https:\/\/247stiri.ro\/index.php\/wp-json\/wp\/v2\/posts\/40489","targetHints":{"allow":["GET"]}}],"collection":[{"href":"https:\/\/247stiri.ro\/index.php\/wp-json\/wp\/v2\/posts"}],"about":[{"href":"https:\/\/247stiri.ro\/index.php\/wp-json\/wp\/v2\/types\/post"}],"replies":[{"embeddable":true,"href":"https:\/\/247stiri.ro\/index.php\/wp-json\/wp\/v2\/comments?post=40489"}],"version-history":[{"count":0,"href":"https:\/\/247stiri.ro\/index.php\/wp-json\/wp\/v2\/posts\/40489\/revisions"}],"wp:featuredmedia":[{"embeddable":true,"href":"https:\/\/247stiri.ro\/index.php\/wp-json\/wp\/v2\/media\/40484"}],"wp:attachment":[{"href":"https:\/\/247stiri.ro\/index.php\/wp-json\/wp\/v2\/media?parent=40489"}],"wp:term":[{"taxonomy":"category","embeddable":true,"href":"https:\/\/247stiri.ro\/index.php\/wp-json\/wp\/v2\/categories?post=40489"},{"taxonomy":"post_tag","embeddable":true,"href":"https:\/\/247stiri.ro\/index.php\/wp-json\/wp\/v2\/tags?post=40489"}],"curies":[{"name":"wp","href":"https:\/\/api.w.org\/{rel}","templated":true}]}}