{"id":40499,"date":"2025-03-18T18:44:51","date_gmt":"2025-03-18T18:44:51","guid":{"rendered":"https:\/\/247stiri.ro\/index.php\/2025\/03\/18\/george-simion-interviu-pentru-omerta-in-limba-franceza-calin-georgescu-a-fost-tinta-unei-excluderi-politice-fara-precedent\/"},"modified":"2025-03-18T18:44:51","modified_gmt":"2025-03-18T18:44:51","slug":"george-simion-interviu-pentru-omerta-in-limba-franceza-calin-georgescu-a-fost-tinta-unei-excluderi-politice-fara-precedent","status":"publish","type":"post","link":"https:\/\/247stiri.ro\/index.php\/2025\/03\/18\/george-simion-interviu-pentru-omerta-in-limba-franceza-calin-georgescu-a-fost-tinta-unei-excluderi-politice-fara-precedent\/","title":{"rendered":"George Simion, interviu pentru Omerta, \u00een limba francez\u0103: \u201dC\u0103lin Georgescu a fost \u021binta unei excluderi politice f\u0103r\u0103 precedent\u201d"},"content":{"rendered":"<p><a href=\"https:\/\/www.realitatea.net\/stiri\/actual\/presedintele-aur-interviu-in-spaniola-pentru-un-celebru-influencer-romania-trebuie-sa-revina-la-democratie-la-alegeri-libere_67d9a9491924047dff765e52\" target=\"_blank\">Liderul AUR<\/a> a dezv\u0103luit faptul c\u0103 suveranistul C\u0103lin Georgescu a fost \u021binta unei excluderi politice f\u0103r\u0103 precedent, \u00eentr-o Europ\u0103 \u00een care cei care ap\u0103r\u0103 suveranitatea na\u021bional\u0103 sunt considera\u021bi extremi\u0219ti \u0219i pro-Kremlin.\u00a0<\/p>\n<p>\u201dC\u0103lin Georgescu a fost \u021binta unei excluderi politice f\u0103r\u0103 precedent.\u00a0<\/p>\n<p>\u00cen toat\u0103 Europa, cei care ap\u0103r\u0103 suveranitatea na\u021bional\u0103, identitatea \u0219i independen\u021ba economic\u0103 sunt automat eticheta\u021bi \u201epro-rusi\u201d sau \u201ede extrem\u0103 dreapt\u0103\u201d.\u00a0<\/p>\n<p>Este o pant\u0103 alunecoas\u0103 c\u0103tre cenzur\u0103 \u0219i controlul politic al discursului public.\u00a0<\/p>\n<p>Orice concesie ar fi o tr\u0103dare a principiilor pe care AUR le ap\u0103r\u0103.<\/p>\n<p>Pe m\u0103sur\u0103 ce se apropie alegerile, \u0219tim c\u0103 rezisten\u021ba elitelor va cre\u0219te.\u00a0<\/p>\n<p>Dar nu ne este fric\u0103\u201d, a declarat George Simion.\u00a0<\/p>\n<p>\ud83d\udea8RDV \u00c0 18H \ud83d\udea8pour une interview exclusive d&#8217;OMERTA entre <a href=\"https:\/\/twitter.com\/LeSommierRgis?ref_src=twsrc%5Etfw\">@LeSommierRgis<\/a> et <a href=\"https:\/\/twitter.com\/georgesimion?ref_src=twsrc%5Etfw\">@georgesimion<\/a> , nouveau candidat \u00e0 l\u2019\u00e9lection pr\u00e9sidentielle en Roumanie ! \ud83d\udd25\ud83c\uddf7\ud83c\uddf4Il revient sur les accusations d\u2019ing\u00e9rence russe, les manipulations et les pressions dans la campagne pr\u00e9sidentielle en\u2026 <a href=\"https:\/\/t.co\/9NWQUZhooF\">pic.twitter.com\/9NWQUZhooF<\/a><\/p>\n<p>\u2014 OMERTA (@Omerta_officiel) <a href=\"https:\/\/twitter.com\/Omerta_officiel\/status\/1902039134627090537?ref_src=twsrc%5Etfw\">March 18, 2025<\/a><\/p>","protected":false},"excerpt":{"rendered":"<p>Liderul AUR a dezv\u0103luit faptul c\u0103 suveranistul C\u0103lin Georgescu a fost \u021binta unei excluderi politice&hellip;<\/p>\n","protected":false},"author":0,"featured_media":40497,"comment_status":"open","ping_status":"open","sticky":false,"template":"","format":"standard","meta":{"footnotes":""},"categories":[2],"tags":[],"class_list":["post-40499","post","type-post","status-publish","format-standard","has-post-thumbnail","hentry","category-actual"],"_links":{"self":[{"href":"https:\/\/247stiri.ro\/index.php\/wp-json\/wp\/v2\/posts\/40499","targetHints":{"allow":["GET"]}}],"collection":[{"href":"https:\/\/247stiri.ro\/index.php\/wp-json\/wp\/v2\/posts"}],"about":[{"href":"https:\/\/247stiri.ro\/index.php\/wp-json\/wp\/v2\/types\/post"}],"replies":[{"embeddable":true,"href":"https:\/\/247stiri.ro\/index.php\/wp-json\/wp\/v2\/comments?post=40499"}],"version-history":[{"count":0,"href":"https:\/\/247stiri.ro\/index.php\/wp-json\/wp\/v2\/posts\/40499\/revisions"}],"wp:featuredmedia":[{"embeddable":true,"href":"https:\/\/247stiri.ro\/index.php\/wp-json\/wp\/v2\/media\/40497"}],"wp:attachment":[{"href":"https:\/\/247stiri.ro\/index.php\/wp-json\/wp\/v2\/media?parent=40499"}],"wp:term":[{"taxonomy":"category","embeddable":true,"href":"https:\/\/247stiri.ro\/index.php\/wp-json\/wp\/v2\/categories?post=40499"},{"taxonomy":"post_tag","embeddable":true,"href":"https:\/\/247stiri.ro\/index.php\/wp-json\/wp\/v2\/tags?post=40499"}],"curies":[{"name":"wp","href":"https:\/\/api.w.org\/{rel}","templated":true}]}}