{"id":40511,"date":"2025-03-18T19:44:59","date_gmt":"2025-03-18T19:44:59","guid":{"rendered":"https:\/\/247stiri.ro\/index.php\/2025\/03\/18\/vreme-deosebit-de-rece-pentru-inceputul-de-primavara-noapte-cu-minime-ce-ajung-la-14-grade-si-in-bucuresti-va-fi-ger\/"},"modified":"2025-03-18T19:44:59","modified_gmt":"2025-03-18T19:44:59","slug":"vreme-deosebit-de-rece-pentru-inceputul-de-primavara-noapte-cu-minime-ce-ajung-la-14-grade-si-in-bucuresti-va-fi-ger","status":"publish","type":"post","link":"https:\/\/247stiri.ro\/index.php\/2025\/03\/18\/vreme-deosebit-de-rece-pentru-inceputul-de-primavara-noapte-cu-minime-ce-ajung-la-14-grade-si-in-bucuresti-va-fi-ger\/","title":{"rendered":"Vreme deosebit de rece, pentru \u00eenceputul de prim\u0103var\u0103. Noapte cu minime ce ajung la -14 grade. \u0218i \u00een Bucure\u0219ti va fi ger"},"content":{"rendered":"<p>La noapte, Vremea va fi deosebit de rece. Cerul va fi variabil, cu unele \u00eennor\u0103ri \u00een sud-vest \u0219i \u00een est unde izolat va fi posibil s\u0103 ning\u0103 slab, cu probabilitate mai mare \u00een Oltenia.<\/p>\n<p>V\u00e2ntul va sl\u0103bi \u00een intensitate \u0219i va deveni slab \u0219i moderat, cu u\u0219oare intensific\u0103ri \u00een est, sud-est \u0219i pe crestele montane.<\/p>\n<p>Temperaturile minime se vor situa \u00eentre -9 \u0219i 0 grade, mai cobor\u00e2te \u00een sudul \u0219i estul Transilvaniei, precum \u0219i \u00een dealurile subcarpatice spre -14&#8230;-13 grade, unde va fi ger. Local se va produce brum\u0103 \u0219i va fi \u00eenghe\u021b la sol.<\/p>\n<p>Maine, vremea se va men\u021bine rece, cerul va fi variabil \u00een jum\u0103tatea de est a \u021b\u0103rii, iar \u00een rest va fi mai mult senin. V\u00e2ntul va sufla slab \u0219i moderat, cu intensific\u0103ri temporare ziua \u00een Moldova, Dobrogea, estul Munteniei \u0219i la munte, cu rafale \u00een general de 40&#8230;50 km\/h \u00een zonele joase \u0219i \u00een jurul a 60 km\/h la altitudini mari spulber\u00e2nd z\u0103pad\u0103.<\/p>\n<p>Temperaturile maxime, mai ridicate fa\u021b\u0103 de ziua anterioar\u0103, se vor situa \u00eentre 3 \u0219i 12 grade. La noapte, \u00een Capital\u0103, vremea va fi deosebit de rece \u0219i se va produce brum\u0103.<\/p>\n<p>Cerul va fi variabil, iar v\u00e2ntul va sufla slab \u0219i moderat.<\/p>\n<p>Temperatura minim\u0103 va fi de -5&#8230;-2 grade.<\/p>\n<p>Maine, de\u0219i valorile termice, vor fi \u00een cre\u0219tere u\u0219oar\u0103, vremea se va men\u021bine rece. Cerul va fi mai mult senin, iar v\u00e2ntul va sufla slab \u0219i moderat. Temperatura maxim\u0103 se va situa \u00een jurul valorii de 10 grade.\u00a0<\/p>","protected":false},"excerpt":{"rendered":"<p>La noapte, Vremea va fi deosebit de rece. Cerul va fi variabil, cu unele \u00eennor\u0103ri&hellip;<\/p>\n","protected":false},"author":0,"featured_media":40512,"comment_status":"open","ping_status":"open","sticky":false,"template":"","format":"standard","meta":{"footnotes":""},"categories":[2],"tags":[],"class_list":["post-40511","post","type-post","status-publish","format-standard","has-post-thumbnail","hentry","category-actual"],"_links":{"self":[{"href":"https:\/\/247stiri.ro\/index.php\/wp-json\/wp\/v2\/posts\/40511","targetHints":{"allow":["GET"]}}],"collection":[{"href":"https:\/\/247stiri.ro\/index.php\/wp-json\/wp\/v2\/posts"}],"about":[{"href":"https:\/\/247stiri.ro\/index.php\/wp-json\/wp\/v2\/types\/post"}],"replies":[{"embeddable":true,"href":"https:\/\/247stiri.ro\/index.php\/wp-json\/wp\/v2\/comments?post=40511"}],"version-history":[{"count":0,"href":"https:\/\/247stiri.ro\/index.php\/wp-json\/wp\/v2\/posts\/40511\/revisions"}],"wp:featuredmedia":[{"embeddable":true,"href":"https:\/\/247stiri.ro\/index.php\/wp-json\/wp\/v2\/media\/40512"}],"wp:attachment":[{"href":"https:\/\/247stiri.ro\/index.php\/wp-json\/wp\/v2\/media?parent=40511"}],"wp:term":[{"taxonomy":"category","embeddable":true,"href":"https:\/\/247stiri.ro\/index.php\/wp-json\/wp\/v2\/categories?post=40511"},{"taxonomy":"post_tag","embeddable":true,"href":"https:\/\/247stiri.ro\/index.php\/wp-json\/wp\/v2\/tags?post=40511"}],"curies":[{"name":"wp","href":"https:\/\/api.w.org\/{rel}","templated":true}]}}