{"id":40513,"date":"2025-03-18T19:44:59","date_gmt":"2025-03-18T19:44:59","guid":{"rendered":"https:\/\/247stiri.ro\/index.php\/2025\/03\/18\/lucrarile-la-termocentrala-mintia-accelereaza-un-al-doilea-convoi-agabaritic-de-788-tone-se-indreapta-catre-destinatie-restrictii-de-trafic-pentru-ziua-de-miercuri\/"},"modified":"2025-03-18T19:44:59","modified_gmt":"2025-03-18T19:44:59","slug":"lucrarile-la-termocentrala-mintia-accelereaza-un-al-doilea-convoi-agabaritic-de-788-tone-se-indreapta-catre-destinatie-restrictii-de-trafic-pentru-ziua-de-miercuri","status":"publish","type":"post","link":"https:\/\/247stiri.ro\/index.php\/2025\/03\/18\/lucrarile-la-termocentrala-mintia-accelereaza-un-al-doilea-convoi-agabaritic-de-788-tone-se-indreapta-catre-destinatie-restrictii-de-trafic-pentru-ziua-de-miercuri\/","title":{"rendered":"Lucr\u0103rile la Termocentrala Mintia accelereaz\u0103. Un al doilea convoi agabaritic de 788 tone se \u00eendreapt\u0103 c\u0103tre destina\u021bie. Restric\u0163ii de trafic pentru ziua de miercuri"},"content":{"rendered":"<p>\u201dAl doilea convoi agabaritic de 788 tone care transport\u0103 un generator pentru Termocentrala Mintia va ajunge m\u00e2ine, 19 martie, \u00een jurul pr\u00e2nzului, la destina\u0163ie.<\/p>\n<p>Opera\u0163iunile de ast\u0103zi s-au desf\u0103\u015furat f\u0103r\u0103 probleme, la Zam (HD) \u015fi pe autostrada\u00a0A1, la pasajul peste CF \u015fi la podul peste Mure\u015f\u201d, au transmis, mar\u0163i sear\u0103, oficialii DRDP Timi\u015foara.<\/p>\n<p>Potrivit acestora, pe timpul opera\u0163iunilor de miercuri, 19 martie, va fi \u00eenchis\u0103 circula\u0163ia, de la ora 8.00, de la nodul rutier DN 68A\/ DJ 707A (Grind) &#8211; DN 68A p\u00e2n\u0103 la S\u0103c\u0103ma\u015f, intersec\u0163ie DN 68A\/DN 7, iar apoi vor fi restric\u0163ii pe DN 7 p\u00e2n\u0103 la intrarea \u00een Mintia (intersec\u0163ie DN 7\/DN 76).<\/p>\n<p>\u201dAlege\u0163i rute alternative \u015fi planifica\u0163i deplas\u0103rile \u00een func\u0163ie de restric\u0163iile anun\u0163ate.<\/p>\n<p>V\u0103 mul\u0163umim pentru \u00een\u0163elegere \u015fi colaborare\u201d, au mai transmis reprezentan\u0163ii DRDP Timi\u015foara.<\/p>","protected":false},"excerpt":{"rendered":"<p>\u201dAl doilea convoi agabaritic de 788 tone care transport\u0103 un generator pentru Termocentrala Mintia va&hellip;<\/p>\n","protected":false},"author":0,"featured_media":40514,"comment_status":"open","ping_status":"open","sticky":false,"template":"","format":"standard","meta":{"footnotes":""},"categories":[2],"tags":[],"class_list":["post-40513","post","type-post","status-publish","format-standard","has-post-thumbnail","hentry","category-actual"],"_links":{"self":[{"href":"https:\/\/247stiri.ro\/index.php\/wp-json\/wp\/v2\/posts\/40513","targetHints":{"allow":["GET"]}}],"collection":[{"href":"https:\/\/247stiri.ro\/index.php\/wp-json\/wp\/v2\/posts"}],"about":[{"href":"https:\/\/247stiri.ro\/index.php\/wp-json\/wp\/v2\/types\/post"}],"replies":[{"embeddable":true,"href":"https:\/\/247stiri.ro\/index.php\/wp-json\/wp\/v2\/comments?post=40513"}],"version-history":[{"count":0,"href":"https:\/\/247stiri.ro\/index.php\/wp-json\/wp\/v2\/posts\/40513\/revisions"}],"wp:featuredmedia":[{"embeddable":true,"href":"https:\/\/247stiri.ro\/index.php\/wp-json\/wp\/v2\/media\/40514"}],"wp:attachment":[{"href":"https:\/\/247stiri.ro\/index.php\/wp-json\/wp\/v2\/media?parent=40513"}],"wp:term":[{"taxonomy":"category","embeddable":true,"href":"https:\/\/247stiri.ro\/index.php\/wp-json\/wp\/v2\/categories?post=40513"},{"taxonomy":"post_tag","embeddable":true,"href":"https:\/\/247stiri.ro\/index.php\/wp-json\/wp\/v2\/tags?post=40513"}],"curies":[{"name":"wp","href":"https:\/\/api.w.org\/{rel}","templated":true}]}}