{"id":40526,"date":"2025-03-18T20:44:51","date_gmt":"2025-03-18T20:44:51","guid":{"rendered":"https:\/\/247stiri.ro\/index.php\/2025\/03\/18\/bolojan-a-desecretizat-cheltuielile-faraonului-anterior-george-simion-facuse-un-apel-public-la-respectarea-angajamentului-intr-o-singura-zi-iohannis-a-spart-600\/"},"modified":"2025-03-18T20:44:51","modified_gmt":"2025-03-18T20:44:51","slug":"bolojan-a-desecretizat-cheltuielile-faraonului-anterior-george-simion-facuse-un-apel-public-la-respectarea-angajamentului-intr-o-singura-zi-iohannis-a-spart-600","status":"publish","type":"post","link":"https:\/\/247stiri.ro\/index.php\/2025\/03\/18\/bolojan-a-desecretizat-cheltuielile-faraonului-anterior-george-simion-facuse-un-apel-public-la-respectarea-angajamentului-intr-o-singura-zi-iohannis-a-spart-600\/","title":{"rendered":"Bolojan a desecretizat cheltuielile \u201eFaraonului\u201d. Anterior, George Simion f\u0103cuse un apel public la respectarea angajamentului. \u00centr-o singur\u0103 zi, Iohannis a \u201espart\u201d 600.000 de euro la o deplasare | DOCUMENT"},"content":{"rendered":"<p>Administra\u0163ia Preziden\u0163ial\u0103 a transmis, mar\u0163i sear\u0103,\u00a0situa\u0163ia costurilor\u00a0aferente zborurilor speciale executate pentru deplas\u0103rile externe ale delega\u0163iilor oficiale conduse de pre\u015fedintele Klaus IOhannis, \u00eenc\u0103 din 2015.\u00a0<\/p>\n<p>Pre\u015fedintele interimar Ilie Bolojan a anun\u0163at vineri c\u0103, \u00een perioada urm\u0103toare vor fi f\u0103cute publice toate datele de func\u0163ionare ale institu\u0163iei, inclusiv din anii trecu\u0163i. El a f\u0103cut anun\u0163ul \u00een contextul numeroaselor cereri viz\u00e2nd desecretizarea cheltuielilor fostul pre\u015fedinte Klaus Iohannis, criticat mai ales pentru costul deplas\u0103rilor cu avioane de lux.<\/p>\n<p>DOCUMENTUL COMPLET <a href=\"https:\/\/media.realitatea.net\/multimedia\/other\/202503\/situatie-costuri-zboruri-speciale-ap-2015-2025%20(1)_63f4980c34.pdf\" target=\"_blank\">AICI<\/a><\/p>\n<p>\u00a0<\/p>\n<p>Un apel c\u0103tre Pre\u0219edintele Interimar al Rom\u00e2niei, domnul Ilie Bolojan<\/p>\n<p>\u201eDomnule Pre\u0219edinte Interimar Ilie Bolojan,<\/p>\n<p>\u00cen calitate de lider al opozi\u021biei \u00eentr-o \u021bar\u0103 care aspir\u0103 s\u0103 revin\u0103 la valorile democratice autentice, v\u0103 solicit public s\u0103 desecretiza\u021bi de urgen\u021b\u0103 cheltuielile fostului pre\u0219edinte Klaus Iohannis.<\/p>\n<p>A\u021bi afirmat public c\u0103 ve\u021bi aduce transparen\u021b\u0103 \u00een administra\u021bie; acum este momentul s\u0103 demonstra\u021bi acest angajament.\u00a0 Rom\u00e2nia are nevoie de lumin\u0103, nu de umbre, pentru a-\u0219i reconstrui \u00eencrederea \u00een institu\u021biile statului, mai ales dup\u0103 cele \u00eent\u00e2mplate \u00een ultimele luni.<\/p>\n<p>Totodat\u0103, observ\u0103m c\u0103, de\u0219i a\u021bi declarat c\u0103 nu ve\u021bi numi noi lideri \u00een fruntea serviciilor de informa\u021bii \u00een perioada de interimat, a\u021bi procedat totu\u0219i la numirea domnului Florin-Laz\u0103r Vl\u0103dic\u0103 \u00een func\u021bia de Director al Oficiului Informa\u021bii Integrate. \u00cen spiritul transparen\u021bei pe care o promova\u021bi, v\u0103 solicit\u0103m ca, \u00een prima dumneavoastr\u0103 ie\u0219ire public\u0103, at\u00e2t dumneavoastr\u0103, c\u00e2t \u0219i domnul Vl\u0103dic\u0103, s\u0103 clarifica\u021bi urm\u0103toarele aspecte:<\/p>\n<p>Rela\u021bia cu Victor Ponta: este cunoscut faptul c\u0103 domnul Vl\u0103dic\u0103 a fost promovat \u00een func\u021bii guvernamentale \u00een timpul mandatului premierului Ponta. Este esen\u021bial s\u0103 \u00een\u021belegem natura acestei rela\u021bii \u0219i modul \u00een care aceasta influen\u021beaz\u0103 deciziile actuale.<\/p>\n<p>Leg\u0103turile cu Frank Timi\u0219 \u0219i Ovidiu Tender: domnul Vl\u0103dic\u0103 a fost implicat \u00een gestionarea afacerilor lui Ovidiu Tender \u00een Africa de Vest \u0219i, ulterior, \u00een cele ale lui Frank Timi\u0219, cunoscut pentru controversata afacere Ro\u0219ia Montan\u0103. Aceste conexiuni ridic\u0103 semne de \u00eentrebare privind integritatea \u0219i obiectivitatea sa \u00een func\u021bia public\u0103.<\/p>\n<p>Consultan\u021b\u0103 pentru Raytheon: dup\u0103 ce a p\u0103r\u0103sit func\u021bia de la Ministerul Ap\u0103r\u0103rii, domnul Vl\u0103dic\u0103 a devenit, peste noapte, consultant pentru compania american\u0103 Raytheon, produc\u0103torul sistemului de rachete Patriot. Este important s\u0103 \u0219tim dac\u0103 aceste activit\u0103\u021bi au creat conflicte de interese \u0219i cum influen\u021beaz\u0103 acestea deciziile sale \u00een noua func\u021bie.<\/p>\n<p>Domnule Bolojan, a\u021bi preluat o responsabilitate imens\u0103 \u00eentr-un moment critic pentru \u021bara noastr\u0103. Transparen\u021ba \u0219i integritatea trebuie s\u0103 fie pilonii mandatului dumneavoastr\u0103, chiar \u0219i interimar. Rom\u00e2nii merit\u0103 lideri care s\u0103 le reprezinte interesele, nu pe ale unor grupuri de influen\u021b\u0103 obscure.<\/p>\n<p>Domnule Florin-Laz\u0103r Vl\u0103dic\u0103, dac\u0103 sunte\u021bi dedicat servirii intereselor na\u021bionale, v\u0103 invit\u0103m s\u0103 clarifica\u021bi public aceste aspecte \u0219i s\u0103 demonstra\u021bi c\u0103 ve\u021bi ac\u021biona \u00een beneficiul Rom\u00e2niei \u0219i al cet\u0103\u021benilor s\u0103i.<\/p>\n<p>Rom\u00e2nia are nevoie, \u00een aceste momente de cump\u0103n\u0103, de adev\u0103r!<\/p>\n<p>George Simion<\/p>\n<p>Pre\u0219edinte Alian\u021ba pentru Unirea Rom\u00e2nilor (AUR)\u201d, scrie George Simion pe <a href=\"https:\/\/georgesimion.ro\/un-apel-catre-presedintele-interimar-al-romaniei-domnul-ilie-bolojan\/\" target=\"_blank\">pagina sa<\/a>.\u00a0<\/p>\n<p>\u00a0<\/p>","protected":false},"excerpt":{"rendered":"<p>Administra\u0163ia Preziden\u0163ial\u0103 a transmis, mar\u0163i sear\u0103,\u00a0situa\u0163ia costurilor\u00a0aferente zborurilor speciale executate pentru deplas\u0103rile externe ale delega\u0163iilor&hellip;<\/p>\n","protected":false},"author":0,"featured_media":40519,"comment_status":"open","ping_status":"open","sticky":false,"template":"","format":"standard","meta":{"footnotes":""},"categories":[2],"tags":[],"class_list":["post-40526","post","type-post","status-publish","format-standard","has-post-thumbnail","hentry","category-actual"],"_links":{"self":[{"href":"https:\/\/247stiri.ro\/index.php\/wp-json\/wp\/v2\/posts\/40526","targetHints":{"allow":["GET"]}}],"collection":[{"href":"https:\/\/247stiri.ro\/index.php\/wp-json\/wp\/v2\/posts"}],"about":[{"href":"https:\/\/247stiri.ro\/index.php\/wp-json\/wp\/v2\/types\/post"}],"replies":[{"embeddable":true,"href":"https:\/\/247stiri.ro\/index.php\/wp-json\/wp\/v2\/comments?post=40526"}],"version-history":[{"count":0,"href":"https:\/\/247stiri.ro\/index.php\/wp-json\/wp\/v2\/posts\/40526\/revisions"}],"wp:featuredmedia":[{"embeddable":true,"href":"https:\/\/247stiri.ro\/index.php\/wp-json\/wp\/v2\/media\/40519"}],"wp:attachment":[{"href":"https:\/\/247stiri.ro\/index.php\/wp-json\/wp\/v2\/media?parent=40526"}],"wp:term":[{"taxonomy":"category","embeddable":true,"href":"https:\/\/247stiri.ro\/index.php\/wp-json\/wp\/v2\/categories?post=40526"},{"taxonomy":"post_tag","embeddable":true,"href":"https:\/\/247stiri.ro\/index.php\/wp-json\/wp\/v2\/tags?post=40526"}],"curies":[{"name":"wp","href":"https:\/\/api.w.org\/{rel}","templated":true}]}}