{"id":40554,"date":"2025-03-19T05:44:56","date_gmt":"2025-03-19T05:44:56","guid":{"rendered":"https:\/\/247stiri.ro\/index.php\/2025\/03\/19\/sociolog-europa-se-foloseste-de-ucraina-pentru-federalizare-romania-se-afla-in-stramtoarea-bruxellesului-vor-fi-presiuni\/"},"modified":"2025-03-19T05:44:56","modified_gmt":"2025-03-19T05:44:56","slug":"sociolog-europa-se-foloseste-de-ucraina-pentru-federalizare-romania-se-afla-in-stramtoarea-bruxellesului-vor-fi-presiuni","status":"publish","type":"post","link":"https:\/\/247stiri.ro\/index.php\/2025\/03\/19\/sociolog-europa-se-foloseste-de-ucraina-pentru-federalizare-romania-se-afla-in-stramtoarea-bruxellesului-vor-fi-presiuni\/","title":{"rendered":"Sociolog: Europa se folose\u0219te de Ucraina pentru federalizare. Rom\u00e2nia se afl\u0103 \u00een str\u00e2mtoarea Bruxellesului. Vor fi presiuni\u00a0"},"content":{"rendered":"<p>Analistul de politic\u0103 extern\u0103 a precizat c\u0103 exist\u0103 mari presiuni din partea elitelor de la Bruxelles pentru c\u0103, \u00een aceste momente, Europa se folose\u0219te de Ucraina pentru federalizarea Uniunii.\u00a0<\/p>\n<p>&#8222;Presiunile politice pe Rom\u00e2nia vor fi puternice. Rom\u00e2nia va trebui s\u0103 \u021bin\u0103 dou\u0103 bile \u00een aer \u00een acela\u0219i timp, va fi mult mai complicat s\u0103 po\u021bi s\u0103 faci asta. Riscul derapajului \u00een Romania a fost deja v\u0103dit c\u00e2nd pre\u0219edintele interimar s-a dus, a s\u0103rit brusc, subit, Rom\u00e2nia din patul american \u00een patul strategic european, f\u0103r\u0103 nicio semnalare.<\/p>\n<p>A fost o mi\u0219care brusc\u0103 riscant\u0103, din punctul meu de vedere aproape amenin\u021bare de securitate. Bolojan probabil c\u0103 a \u00eentruchipat un proiect politic la care unii au lucrat, \u00een care Romania s\u0103 fie arondat\u0103 aproape complet sau majoritate europenilor.<\/p>\n<p>Problema este dac\u0103 politicienii rom\u00e2ni vor fi suficient de capabili s\u0103 reziste la asemenea presiuni, pe de o parte s\u0103 scape de str\u00e2mtoarea care poate s\u0103 fie prea dur\u0103 a Bruxellesului, pe de alt\u0103 parte s\u0103 \u00ee\u0219i g\u0103seasc\u0103 un canal de comunicare cu SUA, pentru c\u0103 cu SUA suntem \u00een acest moment, strategic vorbind, la \u00eenceputul anilor 90, c\u00e2nd Iliescu, pre\u0219edintele Rom\u00e2niei, se str\u0103duia s\u0103 fie b\u0103gat \u00een seam\u0103 de americani.\u00a0<\/p>\n<p>Suntem, practic, \u00een acela\u0219i scenariu, avem de reparat, de recuperat rela\u021bia cu America pentru c\u0103 str\u00e2mtoarea Bruxellesului va fi oricum prea puternic\u0103.<\/p>\n<p>\u00cen ceea ce prive\u0219te Europa, lucrurile stau cam a\u0219a: America nu mai vrea s\u0103 foloseasc\u0103 Ucraina ca un ter\u021b pentru confruntarea cu Rusia, dar Ucraina a r\u0103mas un ter\u021b pentru UE, adic\u0103 folosirea Ucrainei pentru a permite ca numele securiz\u0103rii \u0219i re\u00eenarm\u0103rii s\u0103 devin\u0103 mai federal\u0103 \u0219i mai unit\u0103 politic. Europa folose\u0219te \u00een continuare pretextul Ucraina. Un soi de continuare, dac\u0103 vre\u021bi, a proiectului COVID&#8221;, a spus Dan Dungaciu.<\/p>","protected":false},"excerpt":{"rendered":"<p>Analistul de politic\u0103 extern\u0103 a precizat c\u0103 exist\u0103 mari presiuni din partea elitelor de la&hellip;<\/p>\n","protected":false},"author":0,"featured_media":40549,"comment_status":"open","ping_status":"open","sticky":false,"template":"","format":"standard","meta":{"footnotes":""},"categories":[3],"tags":[],"class_list":["post-40554","post","type-post","status-publish","format-standard","has-post-thumbnail","hentry","category-politica"],"_links":{"self":[{"href":"https:\/\/247stiri.ro\/index.php\/wp-json\/wp\/v2\/posts\/40554","targetHints":{"allow":["GET"]}}],"collection":[{"href":"https:\/\/247stiri.ro\/index.php\/wp-json\/wp\/v2\/posts"}],"about":[{"href":"https:\/\/247stiri.ro\/index.php\/wp-json\/wp\/v2\/types\/post"}],"replies":[{"embeddable":true,"href":"https:\/\/247stiri.ro\/index.php\/wp-json\/wp\/v2\/comments?post=40554"}],"version-history":[{"count":0,"href":"https:\/\/247stiri.ro\/index.php\/wp-json\/wp\/v2\/posts\/40554\/revisions"}],"wp:featuredmedia":[{"embeddable":true,"href":"https:\/\/247stiri.ro\/index.php\/wp-json\/wp\/v2\/media\/40549"}],"wp:attachment":[{"href":"https:\/\/247stiri.ro\/index.php\/wp-json\/wp\/v2\/media?parent=40554"}],"wp:term":[{"taxonomy":"category","embeddable":true,"href":"https:\/\/247stiri.ro\/index.php\/wp-json\/wp\/v2\/categories?post=40554"},{"taxonomy":"post_tag","embeddable":true,"href":"https:\/\/247stiri.ro\/index.php\/wp-json\/wp\/v2\/tags?post=40554"}],"curies":[{"name":"wp","href":"https:\/\/api.w.org\/{rel}","templated":true}]}}