{"id":40555,"date":"2025-03-19T05:44:56","date_gmt":"2025-03-19T05:44:56","guid":{"rendered":"https:\/\/247stiri.ro\/index.php\/2025\/03\/19\/zi-importanta-pentru-frontul-suveranist-george-simion-si-ana-maria-gavrila-anunta-cine-va-fi-candidatul-pentru-palatul-cotroceni\/"},"modified":"2025-03-19T05:44:56","modified_gmt":"2025-03-19T05:44:56","slug":"zi-importanta-pentru-frontul-suveranist-george-simion-si-ana-maria-gavrila-anunta-cine-va-fi-candidatul-pentru-palatul-cotroceni","status":"publish","type":"post","link":"https:\/\/247stiri.ro\/index.php\/2025\/03\/19\/zi-importanta-pentru-frontul-suveranist-george-simion-si-ana-maria-gavrila-anunta-cine-va-fi-candidatul-pentru-palatul-cotroceni\/","title":{"rendered":"Zi  important\u0103 pentru frontul suveranist. George Simion \u0219i Ana Maria Gavril\u0103 anun\u021b\u0103 cine va fi candidatul pentru Palatul Cotroceni"},"content":{"rendered":"<p>&#8222;Tot ce vedem c\u0103 se \u00eent\u00e2mpl\u0103 mai ales \u00een ultimele zile este pentru noi un semn pozitiv, semn c\u0103 unitatea celor dou\u0103 partide \u00eempreun\u0103 cu c\u0103lin Georgescu \u0219i a planului este ceva puternic, ceva care sistemul \u00eel g\u0103se\u0219te nu u\u0219or de trecut peste.<\/p>\n<p>Noi suntem foarte bine organiza\u021bi, lucr\u0103m foarte bine \u00eempreun\u0103, am dat dovad\u0103 c\u0103 nimic din ceea ce vine spre noi nu ne doboar\u0103.<\/p>\n<p>A\u0219adar, vreau s\u0103 asigur pe toat\u0103 lumea c\u0103 nu e \u00een niciun caz vorba despre dezbinare ni\u0219te sondaje se vor face pentru c\u0103 e normal, dar nu este vorba de nicio dezbinare ci din contr\u0103, echipele noastre lucreaz\u0103 ca s\u0103 ne asigur\u0103m c\u0103 mi\u0219carea suveranist\u0103 pune pre\u0219edintele \u0219i de aici vom reinstaura ordinea constitu\u021bional\u0103, justi\u021bia \u0219i libertatea.\u00a0<\/p>\n<p>Se fac \u00eenc\u0103 strategii si analize, vrem s\u0103 ne asigur\u0103m c\u0103 d\u0103m toate \u0219ansele acestei miscari, v\u0103 asigur c\u0103 niciunul dintre noi nu are o ambi\u021bie sau orgoliu \u00een acest demers&#8221;, a declarat Anamaria Gavril\u0103.\u00a0<\/p>\n<p><a href=\"https:\/\/www.realitatea.net\/stiri\/actual\/anamaria-gavrila-lectie-de-corectitudine-politica-pentru-gigi-becali-il-incurajez-sasi-faca-partid-asa-poate-are-mai-putin-timp-sai-critice-pe-altii_67d965f5437f63162655a843#google_vignette\" target=\"_blank\">Anamaria Gavril\u0103, lec\u021bie de corectitudine politic\u0103 pentru Gigi Becali: \u00cel \u00eencurajez s\u0103-\u0219i fac\u0103 partid, a\u0219a poate are mai pu\u021bin timp s\u0103-i critice pe al\u021bii<\/a><\/p>","protected":false},"excerpt":{"rendered":"<p>&#8222;Tot ce vedem c\u0103 se \u00eent\u00e2mpl\u0103 mai ales \u00een ultimele zile este pentru noi un&hellip;<\/p>\n","protected":false},"author":0,"featured_media":40556,"comment_status":"open","ping_status":"open","sticky":false,"template":"","format":"standard","meta":{"footnotes":""},"categories":[3],"tags":[],"class_list":["post-40555","post","type-post","status-publish","format-standard","has-post-thumbnail","hentry","category-politica"],"_links":{"self":[{"href":"https:\/\/247stiri.ro\/index.php\/wp-json\/wp\/v2\/posts\/40555","targetHints":{"allow":["GET"]}}],"collection":[{"href":"https:\/\/247stiri.ro\/index.php\/wp-json\/wp\/v2\/posts"}],"about":[{"href":"https:\/\/247stiri.ro\/index.php\/wp-json\/wp\/v2\/types\/post"}],"replies":[{"embeddable":true,"href":"https:\/\/247stiri.ro\/index.php\/wp-json\/wp\/v2\/comments?post=40555"}],"version-history":[{"count":0,"href":"https:\/\/247stiri.ro\/index.php\/wp-json\/wp\/v2\/posts\/40555\/revisions"}],"wp:featuredmedia":[{"embeddable":true,"href":"https:\/\/247stiri.ro\/index.php\/wp-json\/wp\/v2\/media\/40556"}],"wp:attachment":[{"href":"https:\/\/247stiri.ro\/index.php\/wp-json\/wp\/v2\/media?parent=40555"}],"wp:term":[{"taxonomy":"category","embeddable":true,"href":"https:\/\/247stiri.ro\/index.php\/wp-json\/wp\/v2\/categories?post=40555"},{"taxonomy":"post_tag","embeddable":true,"href":"https:\/\/247stiri.ro\/index.php\/wp-json\/wp\/v2\/tags?post=40555"}],"curies":[{"name":"wp","href":"https:\/\/api.w.org\/{rel}","templated":true}]}}