{"id":40557,"date":"2025-03-19T05:44:57","date_gmt":"2025-03-19T05:44:57","guid":{"rendered":"https:\/\/247stiri.ro\/index.php\/2025\/03\/19\/sedinta-cruciala-a-ccr-de-la-ora-13-00-se-decide-soarta-alegerilor\/"},"modified":"2025-03-19T05:44:57","modified_gmt":"2025-03-19T05:44:57","slug":"sedinta-cruciala-a-ccr-de-la-ora-13-00-se-decide-soarta-alegerilor","status":"publish","type":"post","link":"https:\/\/247stiri.ro\/index.php\/2025\/03\/19\/sedinta-cruciala-a-ccr-de-la-ora-13-00-se-decide-soarta-alegerilor\/","title":{"rendered":"\u0218edin\u021b\u0103 crucial\u0103 a CCR, de la ora 13.00: se decide soarta alegerilor"},"content":{"rendered":"<p>Vorbim despre o \u0219edin\u021b\u0103 extrem de important a Cur\u021bii Constitu\u021bionale, ultima \u0219edin\u021b\u0103 a CCR \u00eenainte de a avea lista final\u0103 cu candida\u021bii care intr\u0103 \u00een aceast\u0103 curs\u0103.\u00a0<\/p>\n<p>La ora 13.00 se \u00eent\u00e2lnesc judec\u0103torii \u0219i analizeaz\u0103 dosarul de candidatur\u0103 al \u0219efei partirului Oamenilor Tineri, Anamaria Gavril\u0103, dup\u0103 ce acesta a fost validat de Biroul Electoral Central.\u00a0<\/p>\n<p>A fost depus\u0103 \u0219i o contesta\u021bie \u00eempotriva candidaturii \u00eempotriva candidaturii sale. Va fi analizat\u0103 de c\u0103tre judec\u0103torii de la Curte \u0219i vor decide ace\u0219tia dac\u0103 \u00eei valideaz\u0103 dosarul de candidat.\u00a0<\/p>\n<p>\u00cen urma acestei decizii, vom afla care este suveranistul care r\u0103m\u00e2ne \u00een aceast\u0103 curs\u0103 pentru c\u0103 \u00een\u021belegerea dintre Anamaria Gavril\u0103 \u0219i George Simion aeste urm\u0103toarea: \u00een cazul \u00een care am\u00e2ndoi sunt valida\u021bi, atunci unul dintre eis e retrage \u0219i cel\u0103lalt merge mai departe \u00een aceast\u0103 curs\u0103.\u00a0<\/p>\n<p>Sunt, inclusiv, sondaje care se fac la nivelul partidelor pentru a vedea care dintre ei are mai multe \u0219anse \u00een aceast\u0103 lupt\u0103.\u00a0<\/p>","protected":false},"excerpt":{"rendered":"<p>Vorbim despre o \u0219edin\u021b\u0103 extrem de important a Cur\u021bii Constitu\u021bionale, ultima \u0219edin\u021b\u0103 a CCR \u00eenainte&hellip;<\/p>\n","protected":false},"author":0,"featured_media":40558,"comment_status":"open","ping_status":"open","sticky":false,"template":"","format":"standard","meta":{"footnotes":""},"categories":[3],"tags":[],"class_list":["post-40557","post","type-post","status-publish","format-standard","has-post-thumbnail","hentry","category-politica"],"_links":{"self":[{"href":"https:\/\/247stiri.ro\/index.php\/wp-json\/wp\/v2\/posts\/40557","targetHints":{"allow":["GET"]}}],"collection":[{"href":"https:\/\/247stiri.ro\/index.php\/wp-json\/wp\/v2\/posts"}],"about":[{"href":"https:\/\/247stiri.ro\/index.php\/wp-json\/wp\/v2\/types\/post"}],"replies":[{"embeddable":true,"href":"https:\/\/247stiri.ro\/index.php\/wp-json\/wp\/v2\/comments?post=40557"}],"version-history":[{"count":0,"href":"https:\/\/247stiri.ro\/index.php\/wp-json\/wp\/v2\/posts\/40557\/revisions"}],"wp:featuredmedia":[{"embeddable":true,"href":"https:\/\/247stiri.ro\/index.php\/wp-json\/wp\/v2\/media\/40558"}],"wp:attachment":[{"href":"https:\/\/247stiri.ro\/index.php\/wp-json\/wp\/v2\/media?parent=40557"}],"wp:term":[{"taxonomy":"category","embeddable":true,"href":"https:\/\/247stiri.ro\/index.php\/wp-json\/wp\/v2\/categories?post=40557"},{"taxonomy":"post_tag","embeddable":true,"href":"https:\/\/247stiri.ro\/index.php\/wp-json\/wp\/v2\/tags?post=40557"}],"curies":[{"name":"wp","href":"https:\/\/api.w.org\/{rel}","templated":true}]}}