{"id":40574,"date":"2025-03-19T06:44:52","date_gmt":"2025-03-19T06:44:52","guid":{"rendered":"https:\/\/247stiri.ro\/index.php\/2025\/03\/19\/miting-de-protest-in-piata-victoriei-silvicultorii-ies-din-nou-in-strada-lista-de-revendicari\/"},"modified":"2025-03-19T06:44:52","modified_gmt":"2025-03-19T06:44:52","slug":"miting-de-protest-in-piata-victoriei-silvicultorii-ies-din-nou-in-strada-lista-de-revendicari","status":"publish","type":"post","link":"https:\/\/247stiri.ro\/index.php\/2025\/03\/19\/miting-de-protest-in-piata-victoriei-silvicultorii-ies-din-nou-in-strada-lista-de-revendicari\/","title":{"rendered":"Miting de protest \u00een Pia\u021ba Victoriei. Silvicultorii ies din nou \u00een strad\u0103: LISTA  de revendic\u0103ri"},"content":{"rendered":"<p>\u201dAlimentat, cel mai probabil, de \u00eenver\u015funarea ministrului Mediului, apelor \u015fi p\u0103durilor fa\u0163\u0103 de to\u0163i cei care \u00eengrijesc p\u0103durile Rom\u00e2niei, Guvernul a t\u0103iat veniturile silvicultorilor \u015fi le-a anulat o parte din drepturi! Mai \u00eent\u00e2i, \u00een urm\u0103 cu mai pu\u0163in de o lun\u0103, prin OUG nr. 4\/2025, f\u0103r\u0103 nicio explica\u0163ie, Guvernul a diminuat salariile silvicultorilor cu 25% \u00eencep\u00e2nd de la 1 ianuarie anul acesta. S\u0103pt\u0103m\u00e2na trecut\u0103, Guvernul a modificat, prin OUG nr. 14\/2025, Statutul personalului silvic. Au fost t\u0103iate mai multe drepturi pe care Parlamentul Rom\u00e2niei le-a aprobat \u015fi le-a asumat prin lege\u201d, au transmis reprezentan\u0163ii Federa\u0163iei Silva, \u00eentr-un comunicat de pres\u0103.<\/p>\n<p>Potrivit acestora, personalul silvic avea dreptul s\u0103 primeasc\u0103 anual 6 mc de lemn pentru \u00eenc\u0103lzirea locuin\u0163ei \u015fi, la pensionare, o gratifica\u0163ie egal\u0103 cu de minimum 5 ori salariul brut pe ultima lun\u0103 de activitate.<\/p>\n<p>\u201dAcum, personalul silvic va avea dreptul la lemn de foc doar \u00abdac\u0103 venitul salarial lunar net din luna anterioar\u0103 acord\u0103rii acestuia este mai mic dec\u00e2t salariul mediu brut pe economie\u00bb, iar gratifica\u0163ia de la pensionare dispare! Noile modific\u0103ri legislative, f\u0103cute f\u0103r\u0103 nicio consultare, pe repede \u00eenainte, afecteaz\u0103 drepturile \u00eentregii categorii profesionale. Peste 25.000 de silvicultori au fost pu\u015fi la zid\u201d, au mai transmis sindicali\u015ftii.<\/p>\n<p>Ace\u015ftia precizeaz\u0103 c\u0103 cei afecta\u0163i lucreaz\u0103 \u00een Ministerul Mediului, Apelor \u015fi P\u0103durilor, \u00een G\u0103rzile Forestiere, la Institutul Na\u0163ional de Cercetare \u015fi Dezvoltare \u00een Silvicultur\u0103 \u201dMarin Dr\u0103cea&#8221;, \u00een facult\u0103\u0163i \u015fi licee de silvicultur\u0103, \u00een RNP Romsilva, \u00een direc\u0163ii \u015fi ocoale silvice de stat, \u00een cadrul administra\u0163iilor ariilor naturale protejate, \u00een ocoale silvice de regim \u015fi ocoale private din cadrul Asocia\u0163iei Administratorilor de P\u0103duri, din cadrul Asocia\u0163iei Proprietarilor \u015fi Administratorilor APAPET, \u00een structuri de administrare a faunei cinegetice, \u00een ONG-uri care au \u00een obiectul de activitate conservarea \u015fi dezvoltarea fondului forestier na\u0163ional, \u00een companii din sectorul de exploatare, transport \u015fi prelucrare a lemnului, \u00een structuri ale profesioni\u015ftilor persoane juridice \u015fi fizice atestate s\u0103 desf\u0103\u015foare activit\u0103\u0163i \u015fi s\u0103 presteze servicii \u00een domeniul silviculturii \u015fi, nu \u00een ultimul r\u00e2nd, \u00een cadrul organiza\u0163iilor \u015fi asocia\u0163iilor sindicale \u015fi profesionale din acest domeniu.<\/p>\n<p>\u201dFedera\u0163ia Sindicatelor din Silvicultur\u0103 Silva contest\u0103 toate aceste m\u0103suri abuzive, promovate de un demnitar care ar trebui s\u0103 protejeze aceast\u0103 categorie profesional\u0103, despre a c\u0103rei activitate \u015ftie mult prea pu\u0163in pentru a fi \u00een fruntea acesteia. Miercuri, 19 martie 2025, \u00eentre orele 10.00 \u2013 14.00, \u00een Pia\u0163a Victoriei, vom organiza \u00a0un amplu miting de protest fa\u0163\u0103 de m\u0103surile nedrepte ale acestui Guvern\u201d, anun\u0163\u0103 sindicali\u015ftii.<\/p>\n<p>Principalele revendic\u0103ri ale sindicali\u0219tilor:<\/p>\n<p>&#8211; Abrogarea art. V din Ordonan\u0163a Guvernului nr. 4\/2025, prin care salariile tuturor silvicultorilor din Rom\u00e2nia sunt diminuate cu 25%.<\/p>\n<p>&#8211; Revizuirea OUG nr. 14\/2025 prin care s-au eliminat unele drepturi din Statutul personalului silvic. Acesta \u00eengrije\u015fte p\u0103durile \u0163\u0103rii, lucreaz\u0103 de cele mai multe ori \u00een condi\u0163ii grele \u015fi nu a beneficiat de drepturi salariale speciale, a\u015fa cum s-a \u00eent\u00e2mplat \u00een alte sectoare de activitate. T\u0103ierea salariilor \u015fi eliminarea concomitent\u0103 a unor drepturi sunt m\u0103suri nejustificate \u015fi inumane.<\/p>\n<p>&#8211; Stoparea ac\u0163iunilor de discreditare \u015fi compromitere a personalului silvic ini\u0163iate de c\u0103tre ministrul mediului, apelor \u015fi p\u0103durilor. Aceast\u0103 campanie a afectat grav autoritatea personalului silvic aflat \u00een exercitarea atribu\u0163iilor de serviciu \u015fi alimenteaz\u0103 dezbinarea social\u0103, cu consecin\u0163e grave pe termen lung.<\/p>\n<p>&#8211; Men\u0163inerea structurilor de administrare a p\u0103durilor statului la nivel jude\u0163ean. Schimb\u0103rile manageriale au nevoie de expertiz\u0103, studii de fundamentare, analize de risc etc. Un arsenal tehnic pe care ministrul nu \u00eel poate substitui doar cu propria sa voin\u0163\u0103 \u015fi cu propriul pix. Administrarea p\u0103durilor nu poate fi pus\u0103 \u00een pericol \u00een niciun fel. S-au mai f\u0103cut astfel de experimente \u00een trecut, dar s-au dovedit nefunc\u0163ionale. \u00cen anul 1998, cele 41 de direc\u0163ii jude\u0163ene au fost comasate \u00een 25 de direc\u0163ii. \u00cen anul 2003, s-a revenit la direc\u0163iile jude\u0163ene.<\/p>\n<p>&#8211; Depolitizarea \u015fi profesionalizarea structurilor silvice de administrare a p\u0103durilor din Rom\u00e2nia.<\/p>\n<p>&#8211; Consultarea sindicatelor, \u00een calitate de parteneri sociali, la elaborarea actelor normative cu impact asupra administr\u0103rii p\u0103durilor proprietate public\u0103, asupra drepturilor \u015fi obliga\u0163iilor personalului silvic, precum \u015fi la adoptarea deciziilor care afecteaz\u0103 drepturile salaria\u0163ilor \u015fi locurile de munc\u0103 \u00een cadrul structurilor de administrare a p\u0103durilor statului.<\/p>\n<p>&#8211; Exceptarea administr\u0103rii p\u0103durilor statului de la aplicarea guvernan\u0163ei corporative \u015fi \u00eenlocuirea acestei forme de management care are ca principal scop maximizarea profitului, obiectiv impropriu gestion\u0103rii durabile a p\u0103durilor, cu managementul forestier durabil, a\u015fa cum se \u00eent\u00e2mpl\u0103 \u00een majoritatea statelor UE (conform Rezolu\u0163iei H1\/1993 a Conferin\u0163ei de la Helsinki privind protec\u0163ia p\u0103durilor \u00een Europa).<\/p>\n<p>&#8211; Plata compensa\u0163iilor restante prev\u0103zute de Codul silvic, aferente cheltuielilor efectuate de Romsilva pentru cre\u015fterea cailor de ras\u0103, pentru administrarea ariilor naturale protejate \u015fi pentru paza p\u0103durilor private (sume restante ce dep\u0103\u015fesc \u00een prezent 150 milioane lei).<\/p>\n<p>&#8211; Eliminarea procentelor de lemn fasonat prev\u0103zute de noul Cod Silvic (Legea nr. 331\/2024), astfel \u00eenc\u00e2t valorificarea lemnului s\u0103 fie f\u0103cut\u0103 pe baza principiilor de rentabilitate economic\u0103, \u00een acord cu condi\u0163iile reale de pia\u0163\u0103.<\/p>\n<p>&#8211; Modificarea \u015fi simplificarea legisla\u0163iei \u00een materie de evaluare de mediu a amenajamentelor silvice, \u00eentruc\u00e2t actualele proceduri sunt birocratice, costisitoare \u015fi mari consumatoare de timp; ob\u0163inerea unui aviz de mediu dureaz\u0103 \u00een medie 6 \u2013 12 luni, timp \u00een care activitatea ocoalelor silvice este blocat\u0103.<\/p>\n<p>&#8211; Respectarea angajamentului luat de Guvern \u00een data de 29 noiembrie 2024, pentru punerea \u00een aplicare a prevederilor art. 28 lit. k) din Legea nr. 360\/2023 privind sistemul public de pensii, care reglementeaz\u0103 \u00eencadrarea unor locuri de munc\u0103 \u00een condi\u0163ii speciale \u015fi plata contribu\u0163iilor pentru aceste categorii de salaria\u0163i \u00eencep\u00e2nd cu data de 01.09.2024 \u2013 activitatea de exploatari forestiere, transport si sortare a lemnului. Punerea \u00een aplicare a prevederilor art. 137 alin (5) din Legea 331\/2024 \u2013 Codul silvic \u00een ce prive\u015fte stagiul de cotizare realizat \u00een condi\u0163ii speciale de munc\u0103 de c\u0103tre personalului silvic.<\/p>\n<p>Ministrul Mediului, Mircea Fechet, a anun\u0163at, joi, c\u0103 \u00een \u015fedin\u0163a de Guvern a fost aprobat\u0103 Ordonan\u0163a de urgen\u0163\u0103 prin care s-au eliminat \u201dbonurile neru\u015finate la pensionare\u201d, care numai \u00een ultimii doi ani au costat peste 194 de milioane de lei Regia Na\u0163ional\u0103 a P\u0103durilor \u015fi de care au beneficiat 1.267 de persoane. \u00cen plus, el a ar\u0103tat c\u0103 s-a asigurat c\u0103 nu vor mai avea loc situa\u0163ii precum premierea cu 100.000 de euro la pensionare a mai multor angaja\u0163i, din care o parte au revenit pe func\u0163ie de \u00eendat\u0103 ce au \u00eencasat banii.<\/p>","protected":false},"excerpt":{"rendered":"<p>\u201dAlimentat, cel mai probabil, de \u00eenver\u015funarea ministrului Mediului, apelor \u015fi p\u0103durilor fa\u0163\u0103 de to\u0163i cei&hellip;<\/p>\n","protected":false},"author":0,"featured_media":40575,"comment_status":"open","ping_status":"open","sticky":false,"template":"","format":"standard","meta":{"footnotes":""},"categories":[2],"tags":[],"class_list":["post-40574","post","type-post","status-publish","format-standard","has-post-thumbnail","hentry","category-actual"],"_links":{"self":[{"href":"https:\/\/247stiri.ro\/index.php\/wp-json\/wp\/v2\/posts\/40574","targetHints":{"allow":["GET"]}}],"collection":[{"href":"https:\/\/247stiri.ro\/index.php\/wp-json\/wp\/v2\/posts"}],"about":[{"href":"https:\/\/247stiri.ro\/index.php\/wp-json\/wp\/v2\/types\/post"}],"replies":[{"embeddable":true,"href":"https:\/\/247stiri.ro\/index.php\/wp-json\/wp\/v2\/comments?post=40574"}],"version-history":[{"count":0,"href":"https:\/\/247stiri.ro\/index.php\/wp-json\/wp\/v2\/posts\/40574\/revisions"}],"wp:featuredmedia":[{"embeddable":true,"href":"https:\/\/247stiri.ro\/index.php\/wp-json\/wp\/v2\/media\/40575"}],"wp:attachment":[{"href":"https:\/\/247stiri.ro\/index.php\/wp-json\/wp\/v2\/media?parent=40574"}],"wp:term":[{"taxonomy":"category","embeddable":true,"href":"https:\/\/247stiri.ro\/index.php\/wp-json\/wp\/v2\/categories?post=40574"},{"taxonomy":"post_tag","embeddable":true,"href":"https:\/\/247stiri.ro\/index.php\/wp-json\/wp\/v2\/tags?post=40574"}],"curies":[{"name":"wp","href":"https:\/\/api.w.org\/{rel}","templated":true}]}}