{"id":40593,"date":"2025-03-19T07:45:12","date_gmt":"2025-03-19T07:45:12","guid":{"rendered":"https:\/\/247stiri.ro\/index.php\/2025\/03\/19\/avocatul-ingrid-mocanu-avertizeaza-au-anulat-alegerile-deliberat-nu-dintr-o-eroare\/"},"modified":"2025-03-19T07:45:12","modified_gmt":"2025-03-19T07:45:12","slug":"avocatul-ingrid-mocanu-avertizeaza-au-anulat-alegerile-deliberat-nu-dintr-o-eroare","status":"publish","type":"post","link":"https:\/\/247stiri.ro\/index.php\/2025\/03\/19\/avocatul-ingrid-mocanu-avertizeaza-au-anulat-alegerile-deliberat-nu-dintr-o-eroare\/","title":{"rendered":"Avocatul Ingrid Mocanu avertizeaz\u0103: Au anulat alegerile deliberat, NU dintr-o eroare"},"content":{"rendered":"<p>&#8222;Comisia de la Vene\u021bia recomand\u0103 \u0219i spune acolo c\u0103 trebuie s\u0103 nu se mai recurg\u0103 la astfel de ordonan\u021be.<\/p>\n<p>Crede\u021bi c\u0103 a interesat pe cineva ce spune Comisiade la Vene\u021bia, care analizeaz\u0103 caracterul de stat de drept al unei \u021b\u0103ri? Nu, pentru c\u0103 au dat acum &#8211; \u00een timp ce se pornise deja campania pentru a dou\u0103 tur\u0103 de alegeri pentru pre\u0219edintele Rom\u00e2niei &#8211; au dat \u0219i ei \u00eenc\u0103 o ordonan\u021b\u0103. Adic\u0103 \u00een timp ce se derulau alegerile, f\u0103r\u0103 nicio consultare, au dat ordonan\u021b\u0103 respectiv\u0103. Mai mult dec\u00e2t at\u00e2ta, au dat \u0219i ni\u0219te norme.<\/p>\n<p>Aceast\u0103 manier\u0103 de anulare \u00een totalita a alegerilor nu a fost determinat\u0103 de o eroare \u00een care s-au aflat \u0219i c\u0103 ei s-au fi crezut cumva, f\u0103r\u0103 temei, fiind indu\u0219i \u00een eroare, c\u0103 au fost aceste atacuri cibernetice. Nu, ei au f\u0103cut-o deliberat pentru c\u0103 ei \u0219tiau c\u0103 nu a fost nimic \u00een spate; c\u0103, de fapt, Georgescu c\u00e2\u0219tiga alegerile pentru c\u0103 vrea lumea. Ei au urm\u0103rit s\u0103 \u00eel scoat\u0103 din cursa electoral\u0103. Nu au decis cei 9, c\u0103 s\u0103 fie foarte clar.<\/p>\n<p>Dac\u0103 nu se va modific\u0103 voin\u021b\u0103 celor care au decis asta, atunci probabil va fi scos din cursa, ceea ce s-a \u0219i \u00eent\u00e2mplat. Au confirmat \u00een continuare cu cei de la comisie, cu Fran\u021ba \u00een principal. Noi suntem colonie francez\u0103, se pare&#8221;, a declarat Ingrid Mocanu, avocat, membru BEC.\u00a0\u00a0<\/p>","protected":false},"excerpt":{"rendered":"<p>&#8222;Comisia de la Vene\u021bia recomand\u0103 \u0219i spune acolo c\u0103 trebuie s\u0103 nu se mai recurg\u0103&hellip;<\/p>\n","protected":false},"author":0,"featured_media":40588,"comment_status":"open","ping_status":"open","sticky":false,"template":"","format":"standard","meta":{"footnotes":""},"categories":[2],"tags":[],"class_list":["post-40593","post","type-post","status-publish","format-standard","has-post-thumbnail","hentry","category-actual"],"_links":{"self":[{"href":"https:\/\/247stiri.ro\/index.php\/wp-json\/wp\/v2\/posts\/40593","targetHints":{"allow":["GET"]}}],"collection":[{"href":"https:\/\/247stiri.ro\/index.php\/wp-json\/wp\/v2\/posts"}],"about":[{"href":"https:\/\/247stiri.ro\/index.php\/wp-json\/wp\/v2\/types\/post"}],"replies":[{"embeddable":true,"href":"https:\/\/247stiri.ro\/index.php\/wp-json\/wp\/v2\/comments?post=40593"}],"version-history":[{"count":0,"href":"https:\/\/247stiri.ro\/index.php\/wp-json\/wp\/v2\/posts\/40593\/revisions"}],"wp:featuredmedia":[{"embeddable":true,"href":"https:\/\/247stiri.ro\/index.php\/wp-json\/wp\/v2\/media\/40588"}],"wp:attachment":[{"href":"https:\/\/247stiri.ro\/index.php\/wp-json\/wp\/v2\/media?parent=40593"}],"wp:term":[{"taxonomy":"category","embeddable":true,"href":"https:\/\/247stiri.ro\/index.php\/wp-json\/wp\/v2\/categories?post=40593"},{"taxonomy":"post_tag","embeddable":true,"href":"https:\/\/247stiri.ro\/index.php\/wp-json\/wp\/v2\/tags?post=40593"}],"curies":[{"name":"wp","href":"https:\/\/api.w.org\/{rel}","templated":true}]}}