{"id":40594,"date":"2025-03-19T07:45:12","date_gmt":"2025-03-19T07:45:12","guid":{"rendered":"https:\/\/247stiri.ro\/index.php\/2025\/03\/19\/anuntul-zilei-asteptat-in-exclusivitate-la-televiziunea-poporului-cine-va-fi-candidatul-suveranistilor\/"},"modified":"2025-03-19T07:45:12","modified_gmt":"2025-03-19T07:45:12","slug":"anuntul-zilei-asteptat-in-exclusivitate-la-televiziunea-poporului-cine-va-fi-candidatul-suveranistilor","status":"publish","type":"post","link":"https:\/\/247stiri.ro\/index.php\/2025\/03\/19\/anuntul-zilei-asteptat-in-exclusivitate-la-televiziunea-poporului-cine-va-fi-candidatul-suveranistilor\/","title":{"rendered":"Anun\u021bul zilei, a\u0219teptat \u00een EXCLUSIVITATE la Televiziunea Poporului. Cine va fi candidatul suverani\u0219tilor?"},"content":{"rendered":"<p>Tot ast\u0103zi este \u0219i ultima zi \u00een care candida\u021bii \u00eenscri\u0219i se mai pot retrage din curs\u0103 f\u0103r\u0103 s\u0103 apar\u0103 pe buletinele de vot. George Simion \u0219i Ana Gavril\u0103 trebuie s\u0103 decid\u0103 care dintre ei r\u0103m\u00e2ne \u00een curs\u0103, iar decizia se va lua \u00een baza sondajelor interne care s\u0103 arate care dintre cei doi are \u0219anse mai mari s\u0103 ajung\u0103 \u00een final\u0103, probabil \u00een jurul pr\u00e2nzului, potrivit jurnalistei Realitatea Plus Ionela Arcanu.<\/p>\n<p>La ora 13:00. Curtea Constitu\u021bional\u0103 a Rom\u00e2niei va analiza \u0219i ultimele contesta\u021bii depusese pentru dosarele de candida\u021bi. Printre ele, \u0219i o contesta\u021bie \u00eempotriva pre\u0219edintei POT, Anamaria Gavril\u0103.<\/p>\n<p><a href=\"https:\/\/www.realitatea.net\/stiri\/politica\/zi-importanta-pentru-frontul-suveranist-george-simion-si-ana-maria-gavrila-anunta-cine-va-fi-candidatul-pentru-palatul-cotroceni_67da54e7b750183b7827c0d2#google_vignette\" target=\"_blank\">George Simion \u0219i Ana Maria Gavril\u0103 anun\u021b\u0103 cine va fi candidatul pentru Palatul Cotroceni<\/a><\/p>\n<p>Este ultima piedic\u0103 de care trebuie s\u0103 treac\u0103 pentru ca ambii candida\u021bi suverani\u0219ti s\u0103 fie accepta\u021bi \u00een cursa preziden\u021bial\u0103.<\/p>","protected":false},"excerpt":{"rendered":"<p>Tot ast\u0103zi este \u0219i ultima zi \u00een care candida\u021bii \u00eenscri\u0219i se mai pot retrage din&hellip;<\/p>\n","protected":false},"author":0,"featured_media":40590,"comment_status":"open","ping_status":"open","sticky":false,"template":"","format":"standard","meta":{"footnotes":""},"categories":[2],"tags":[],"class_list":["post-40594","post","type-post","status-publish","format-standard","has-post-thumbnail","hentry","category-actual"],"_links":{"self":[{"href":"https:\/\/247stiri.ro\/index.php\/wp-json\/wp\/v2\/posts\/40594","targetHints":{"allow":["GET"]}}],"collection":[{"href":"https:\/\/247stiri.ro\/index.php\/wp-json\/wp\/v2\/posts"}],"about":[{"href":"https:\/\/247stiri.ro\/index.php\/wp-json\/wp\/v2\/types\/post"}],"replies":[{"embeddable":true,"href":"https:\/\/247stiri.ro\/index.php\/wp-json\/wp\/v2\/comments?post=40594"}],"version-history":[{"count":0,"href":"https:\/\/247stiri.ro\/index.php\/wp-json\/wp\/v2\/posts\/40594\/revisions"}],"wp:featuredmedia":[{"embeddable":true,"href":"https:\/\/247stiri.ro\/index.php\/wp-json\/wp\/v2\/media\/40590"}],"wp:attachment":[{"href":"https:\/\/247stiri.ro\/index.php\/wp-json\/wp\/v2\/media?parent=40594"}],"wp:term":[{"taxonomy":"category","embeddable":true,"href":"https:\/\/247stiri.ro\/index.php\/wp-json\/wp\/v2\/categories?post=40594"},{"taxonomy":"post_tag","embeddable":true,"href":"https:\/\/247stiri.ro\/index.php\/wp-json\/wp\/v2\/tags?post=40594"}],"curies":[{"name":"wp","href":"https:\/\/api.w.org\/{rel}","templated":true}]}}