{"id":40612,"date":"2025-03-19T08:44:53","date_gmt":"2025-03-19T08:44:53","guid":{"rendered":"https:\/\/247stiri.ro\/index.php\/2025\/03\/19\/o-noua-contestatie-depusa-la-ccr-impotriva-aneimaria-gavrila-ultimele-ore-pana-la-aflarea-numelor-candidatilor-care-intra-in-competitia-electorala\/"},"modified":"2025-03-19T08:44:53","modified_gmt":"2025-03-19T08:44:53","slug":"o-noua-contestatie-depusa-la-ccr-impotriva-aneimaria-gavrila-ultimele-ore-pana-la-aflarea-numelor-candidatilor-care-intra-in-competitia-electorala","status":"publish","type":"post","link":"https:\/\/247stiri.ro\/index.php\/2025\/03\/19\/o-noua-contestatie-depusa-la-ccr-impotriva-aneimaria-gavrila-ultimele-ore-pana-la-aflarea-numelor-candidatilor-care-intra-in-competitia-electorala\/","title":{"rendered":"O nou\u0103 contesta\u021bie depus\u0103 la CCR \u00eempotriva Aneimaria Gavril\u0103. Ultimele ore p\u00e2n\u0103 la aflarea numelor candida\u021bilor care intr\u0103 \u00een competi\u021bia electoral\u0103"},"content":{"rendered":"<p>\u00cen urm\u0103 cu doar c\u00e2teva momente a fost \u00eenregistrat\u0103 a doua contesta\u021bie \u00eempotriva Aneimaria Gavril\u0103. La ora 13.00 se reunesc <a href=\"https:\/\/www.realitatea.net\/stiri\/politica\/sedinta-cruciala-a-ccr-de-la-ora-1300-se-decide-soarta-alegerilor_67da5237db95506db63cacd2\" target=\"_blank\">judec\u0103torii CCR<\/a> ca s\u0103 analizeze aceste ultime contesta\u021bii.\u00a0<\/p>\n<p>Vorbim, practic,d espre ultimele contesta\u021bii analizate \u00eempotriva candida\u021bilor la alegerile preziden\u021biale. Ast\u0103zi trebui s\u0103 \u0219tim clar cine poate s\u0103 intre \u00een aceast\u0103 curs\u0103.\u00a0<\/p>\n<p>A\u0219tept\u0103, de asemenea, \u0219i acel anun\u021b de ultim\u0103 or\u0103 venit din partea candida\u021bilor suverani\u0219ti. S\u0103 vedem cine va r\u0103m\u00e2ne \u00een curs\u0103. Anun\u021bul \u00eel ve\u021bi vedea \u00een exclusivitate la Realitatea PLUS.\u00a0<\/p>","protected":false},"excerpt":{"rendered":"<p>\u00cen urm\u0103 cu doar c\u00e2teva momente a fost \u00eenregistrat\u0103 a doua contesta\u021bie \u00eempotriva Aneimaria Gavril\u0103.&hellip;<\/p>\n","protected":false},"author":0,"featured_media":40613,"comment_status":"open","ping_status":"open","sticky":false,"template":"","format":"standard","meta":{"footnotes":""},"categories":[3],"tags":[],"class_list":["post-40612","post","type-post","status-publish","format-standard","has-post-thumbnail","hentry","category-politica"],"_links":{"self":[{"href":"https:\/\/247stiri.ro\/index.php\/wp-json\/wp\/v2\/posts\/40612","targetHints":{"allow":["GET"]}}],"collection":[{"href":"https:\/\/247stiri.ro\/index.php\/wp-json\/wp\/v2\/posts"}],"about":[{"href":"https:\/\/247stiri.ro\/index.php\/wp-json\/wp\/v2\/types\/post"}],"replies":[{"embeddable":true,"href":"https:\/\/247stiri.ro\/index.php\/wp-json\/wp\/v2\/comments?post=40612"}],"version-history":[{"count":0,"href":"https:\/\/247stiri.ro\/index.php\/wp-json\/wp\/v2\/posts\/40612\/revisions"}],"wp:featuredmedia":[{"embeddable":true,"href":"https:\/\/247stiri.ro\/index.php\/wp-json\/wp\/v2\/media\/40613"}],"wp:attachment":[{"href":"https:\/\/247stiri.ro\/index.php\/wp-json\/wp\/v2\/media?parent=40612"}],"wp:term":[{"taxonomy":"category","embeddable":true,"href":"https:\/\/247stiri.ro\/index.php\/wp-json\/wp\/v2\/categories?post=40612"},{"taxonomy":"post_tag","embeddable":true,"href":"https:\/\/247stiri.ro\/index.php\/wp-json\/wp\/v2\/tags?post=40612"}],"curies":[{"name":"wp","href":"https:\/\/api.w.org\/{rel}","templated":true}]}}