{"id":40618,"date":"2025-03-19T08:44:55","date_gmt":"2025-03-19T08:44:55","guid":{"rendered":"https:\/\/247stiri.ro\/index.php\/2025\/03\/19\/anunt-de-ultima-ora-al-liderului-aur-george-simion\/"},"modified":"2025-03-19T08:44:55","modified_gmt":"2025-03-19T08:44:55","slug":"anunt-de-ultima-ora-al-liderului-aur-george-simion","status":"publish","type":"post","link":"https:\/\/247stiri.ro\/index.php\/2025\/03\/19\/anunt-de-ultima-ora-al-liderului-aur-george-simion\/","title":{"rendered":"Anun\u021b de ultim\u0103 or\u0103 al liderului AUR, George Simion"},"content":{"rendered":"<p>Un anun\u021b de ultim moment al lui George Simion spune c\u0103 ast\u0103zi va fi o zi istoric\u0103. \u201eBun\u0103 diminea\u021ba! Azi va fi o zi istoric\u0103. \u00ceMPREUN\u0102! HAI ROM\u00c2NILOR!\u201d a scris liderul AUR pe pagina sa oficial\u0103 de Facebook.<\/p>\n\n<p>Acest anun\u021b vine \u00eentr-un context extrem de important.<\/p>\n<p>Ast\u0103zi ve\u021bi afla, \u00een exclusivitate la Realitatea Plus- Televiziunea Poporului, cine va fi candidatul din partea suverani\u0219tilor la alegerile preziden\u021biale. Doar de la televiziunea poporului ve\u021bi afla cine intr\u0103 \u00een marea curs\u0103 &#8211; George Simion sau Anamaria Gavril\u0103.<\/p>\n<p>Tot ast\u0103zi este \u0219i ultima zi \u00een care candida\u021bii \u00eenscri\u0219i se mai pot retrage din curs\u0103 f\u0103r\u0103 s\u0103 apar\u0103 pe buletinele de vot. George Simion \u0219i Ana Gavril\u0103 trebuie s\u0103 decid\u0103 care dintre ei r\u0103m\u00e2ne \u00een curs\u0103, iar decizia se va lua \u00een baza sondajelor interne care s\u0103 arate care dintre cei doi are \u0219anse mai mari s\u0103 ajung\u0103 \u00een final\u0103, probabil \u00een jurul pr\u00e2nzului, potrivit jurnalistei Realitatea Plus Ionela Arcanu.<\/p>\n<p><a title='Presedintele AUR, interviu in spaniola pentru un celebru influencer: \"Romania trebuie sa revina la democratie, la alegeri libere\"' href=\"https:\/\/www.realitatea.net\/stiri\/actual\/presedintele-aur-interviu-in-spaniola-pentru-un-celebru-influencer-romania-trebuie-sa-revina-la-democratie-la-alegeri-libere_67d9a9491924047dff765e52\">Pre\u0219edintele AUR, interviu \u00een spaniol\u0103 pentru un celebru influencer: \u201dRom\u00e2nia trebuie s\u0103 revin\u0103 la democra\u021bie, la alegeri libere\u201d<\/a><\/p>\n<p>La ora 13:00. Curtea Constitu\u021bional\u0103 a Rom\u00e2niei va analiza \u0219i ultimele contesta\u021bii depusese pentru dosarele de candida\u021bi. Printre ele, \u0219i o contesta\u021bie \u00eempotriva pre\u0219edintei POT, Anamaria Gavril\u0103.<\/p>\n<p>\u0218efa POT \u0219i liderul AUR, al\u0103turi de C\u0103lin Georgescu, vor lua cu to\u021bii cea mai bun\u0103 decizie, a declarat Ana Maria Gavril\u0103 \u00een exclusivitate la Realitatea PLUS. Candidata partidului POT la preziden\u021biale le-a transmis rom\u00e2nilor c\u0103 \u00een aceste momente se fac analize \u0219i sondaje interne pentru a g\u0103si solu\u021bia cea mai bun\u0103 pentru viitorul \u021b\u0103rii.\u00a0<\/p>\n<p>&#8222;Tot ce vedem c\u0103 se \u00eent\u00e2mpl\u0103 mai ales \u00een ultimele zile este pentru noi un semn pozitiv, semn c\u0103 unitatea celor dou\u0103 partide \u00eempreun\u0103 cu c\u0103lin Georgescu \u0219i a planului este ceva puternic, ceva care sistemul \u00eel g\u0103se\u0219te nu u\u0219or de trecut peste.<\/p>\n<p>Noi suntem foarte bine organiza\u021bi, lucr\u0103m foarte bine \u00eempreun\u0103, am dat dovad\u0103 c\u0103 nimic din ceea ce vine spre noi nu ne doboar\u0103.<\/p>\n<p>A\u0219adar, vreau s\u0103 asigur pe toat\u0103 lumea c\u0103 nu e \u00een niciun caz vorba despre dezbinare ni\u0219te sondaje se vor face pentru c\u0103 e normal, dar nu este vorba de nicio dezbinare ci din contr\u0103, echipele noastre lucreaz\u0103 ca s\u0103 ne asigur\u0103m c\u0103 mi\u0219carea suveranist\u0103 pune pre\u0219edintele \u0219i de aici vom reinstaura ordinea constitu\u021bional\u0103, justi\u021bia \u0219i libertatea.\u00a0<\/p>\n<p>Se fac \u00eenc\u0103 strategii si analize, vrem s\u0103 ne asigur\u0103m c\u0103 d\u0103m toate \u0219ansele acestei miscari, v\u0103 asigur c\u0103 niciunul dintre noi nu are o ambi\u021bie sau orgoliu \u00een acest demers&#8221;, a declarat Anamaria Gavril\u0103.\u00a0<\/p>\n<p><a title='George Simion, interviu pentru Omerta, in limba franceza: \"Calin Georgescu a fost tinta unei excluderi politice fara precedent\"' href=\"https:\/\/www.realitatea.net\/stiri\/actual\/george-simion-interviu-pentru-omerta-in-limba-franceza-calin-georgescu-a-fost-tinta-unei-excluderi-politice-fara-precedent_67d9b9955839d230604c5662\">George Simion, interviu pentru Omerta, \u00een limba francez\u0103: \u201dC\u0103lin Georgescu a fost \u021binta unei excluderi politice f\u0103r\u0103 precedent\u201d<\/a><\/p>","protected":false},"excerpt":{"rendered":"<p>Un anun\u021b de ultim moment al lui George Simion spune c\u0103 ast\u0103zi va fi o&hellip;<\/p>\n","protected":false},"author":0,"featured_media":40611,"comment_status":"open","ping_status":"open","sticky":false,"template":"","format":"standard","meta":{"footnotes":""},"categories":[2],"tags":[],"class_list":["post-40618","post","type-post","status-publish","format-standard","has-post-thumbnail","hentry","category-actual"],"_links":{"self":[{"href":"https:\/\/247stiri.ro\/index.php\/wp-json\/wp\/v2\/posts\/40618","targetHints":{"allow":["GET"]}}],"collection":[{"href":"https:\/\/247stiri.ro\/index.php\/wp-json\/wp\/v2\/posts"}],"about":[{"href":"https:\/\/247stiri.ro\/index.php\/wp-json\/wp\/v2\/types\/post"}],"replies":[{"embeddable":true,"href":"https:\/\/247stiri.ro\/index.php\/wp-json\/wp\/v2\/comments?post=40618"}],"version-history":[{"count":0,"href":"https:\/\/247stiri.ro\/index.php\/wp-json\/wp\/v2\/posts\/40618\/revisions"}],"wp:featuredmedia":[{"embeddable":true,"href":"https:\/\/247stiri.ro\/index.php\/wp-json\/wp\/v2\/media\/40611"}],"wp:attachment":[{"href":"https:\/\/247stiri.ro\/index.php\/wp-json\/wp\/v2\/media?parent=40618"}],"wp:term":[{"taxonomy":"category","embeddable":true,"href":"https:\/\/247stiri.ro\/index.php\/wp-json\/wp\/v2\/categories?post=40618"},{"taxonomy":"post_tag","embeddable":true,"href":"https:\/\/247stiri.ro\/index.php\/wp-json\/wp\/v2\/tags?post=40618"}],"curies":[{"name":"wp","href":"https:\/\/api.w.org\/{rel}","templated":true}]}}