{"id":40619,"date":"2025-03-19T08:44:56","date_gmt":"2025-03-19T08:44:56","guid":{"rendered":"https:\/\/247stiri.ro\/index.php\/2025\/03\/19\/vacanta-de-10-zile-pentru-elevi-in-primavara-din-2025-cand-se-vor-bucura-de-zilele-libere\/"},"modified":"2025-03-19T08:44:56","modified_gmt":"2025-03-19T08:44:56","slug":"vacanta-de-10-zile-pentru-elevi-in-primavara-din-2025-cand-se-vor-bucura-de-zilele-libere","status":"publish","type":"post","link":"https:\/\/247stiri.ro\/index.php\/2025\/03\/19\/vacanta-de-10-zile-pentru-elevi-in-primavara-din-2025-cand-se-vor-bucura-de-zilele-libere\/","title":{"rendered":"Vacan\u021b\u0103 de 10 zile pentru elevi \u00een prim\u0103vara din 2025. C\u00e2nd se vor bucura de zilele libere"},"content":{"rendered":"<p>C\u00e2nd intr\u0103 elevii \u00een vacan\u021ba de Pa\u0219te?<\/p>\n<p>Elevii vor reveni la cursuri pe 28 aprilie 2025, potrivit structurii anului \u0219colar aprobate de Ministerul Educa\u021biei. Anul acesta, Pa\u0219tele ortodox \u0219i cel catolic vor fi celebrate \u00een aceea\u0219i zi, pe 20 aprilie 2025, un eveniment rar \u00eent\u00e2lnit.<\/p>\n<p>Minivacan\u021b\u0103 de Rusalii \u00een iunie 2025<\/p>\n<p><a href=\"https:\/\/www.realitatea.net\/stiri\/actual\/elevii-din-bucuresti-intra-in-vacanta-pentru-o-saptamana-cat-ii-mai-desparte-pe-copiii-pana-la-multasteptata-vacanta-de-vara_67aedf4e66b40d7974556d52\" target=\"_blank\">Pe l\u00e2ng\u0103 vacan\u021ba de prim\u0103var\u0103,<\/a> rom\u00e2nii vor avea parte \u0219i de o minivacan\u021b\u0103 de Rusalii. S\u0103rb\u0103toarea este programat\u0103 pentru 8 iunie 2025, iar ziua urm\u0103toare, luni, 9 iunie, este declarat\u0103 liber\u0103, ceea ce va oferi un weekend prelungit de trei zile.<\/p>\n<p>\u00cen fiecare an, Rusaliile sunt marcate de tradi\u021bii ortodoxe importante. Credincio\u0219ii obi\u0219nuiesc s\u0103 aduc\u0103 la biseric\u0103 frunze verzi de tei sau nuc, simboliz\u00e2nd limbile de foc prin care Duhul Sf\u00e2nt s-a pogor\u00e2t asupra Apostolilor.<\/p>\n<p><a href=\"https:\/\/www.realitatea.net\/stiri\/actual\/cand-incep-copiii-scoala-vacanta-de-iarna-se-sfarseste-iar-elevii-se-intorc-la-cursuri-in-mijlocul-saptamanii_6773116ae18bb91d692651a3\" target=\"_blank\">Aceste zile libere<\/a> din prim\u0103var\u0103 sunt a\u0219teptate cu ner\u0103bdare at\u00e2t de elevi, c\u00e2t \u0219i de rom\u00e2nii care \u00ee\u0219i planific\u0103 escapade la munte sau la mare, profit\u00e2nd de timpul petrecut al\u0103turi de cei dragi.<\/p>","protected":false},"excerpt":{"rendered":"<p>C\u00e2nd intr\u0103 elevii \u00een vacan\u021ba de Pa\u0219te? Elevii vor reveni la cursuri pe 28 aprilie&hellip;<\/p>\n","protected":false},"author":0,"featured_media":40620,"comment_status":"open","ping_status":"open","sticky":false,"template":"","format":"standard","meta":{"footnotes":""},"categories":[2],"tags":[],"class_list":["post-40619","post","type-post","status-publish","format-standard","has-post-thumbnail","hentry","category-actual"],"_links":{"self":[{"href":"https:\/\/247stiri.ro\/index.php\/wp-json\/wp\/v2\/posts\/40619","targetHints":{"allow":["GET"]}}],"collection":[{"href":"https:\/\/247stiri.ro\/index.php\/wp-json\/wp\/v2\/posts"}],"about":[{"href":"https:\/\/247stiri.ro\/index.php\/wp-json\/wp\/v2\/types\/post"}],"replies":[{"embeddable":true,"href":"https:\/\/247stiri.ro\/index.php\/wp-json\/wp\/v2\/comments?post=40619"}],"version-history":[{"count":0,"href":"https:\/\/247stiri.ro\/index.php\/wp-json\/wp\/v2\/posts\/40619\/revisions"}],"wp:featuredmedia":[{"embeddable":true,"href":"https:\/\/247stiri.ro\/index.php\/wp-json\/wp\/v2\/media\/40620"}],"wp:attachment":[{"href":"https:\/\/247stiri.ro\/index.php\/wp-json\/wp\/v2\/media?parent=40619"}],"wp:term":[{"taxonomy":"category","embeddable":true,"href":"https:\/\/247stiri.ro\/index.php\/wp-json\/wp\/v2\/categories?post=40619"},{"taxonomy":"post_tag","embeddable":true,"href":"https:\/\/247stiri.ro\/index.php\/wp-json\/wp\/v2\/tags?post=40619"}],"curies":[{"name":"wp","href":"https:\/\/api.w.org\/{rel}","templated":true}]}}