{"id":40624,"date":"2025-03-19T08:44:57","date_gmt":"2025-03-19T08:44:57","guid":{"rendered":"https:\/\/247stiri.ro\/index.php\/2025\/03\/19\/dedesubturile-intalnirii-dintre-reprezentantii-omv-petrom-si-interimarul-ilie-bolojan-expert-compania-austriaca-ofera-plati-compensatorii-pentru-demiteri-in-masa\/"},"modified":"2025-03-19T08:44:57","modified_gmt":"2025-03-19T08:44:57","slug":"dedesubturile-intalnirii-dintre-reprezentantii-omv-petrom-si-interimarul-ilie-bolojan-expert-compania-austriaca-ofera-plati-compensatorii-pentru-demiteri-in-masa","status":"publish","type":"post","link":"https:\/\/247stiri.ro\/index.php\/2025\/03\/19\/dedesubturile-intalnirii-dintre-reprezentantii-omv-petrom-si-interimarul-ilie-bolojan-expert-compania-austriaca-ofera-plati-compensatorii-pentru-demiteri-in-masa\/","title":{"rendered":"Dedesubturile \u00eent\u00e2lnirii dintre reprezentan\u021bii OMV Petrom \u0219i interimarul Ilie Bolojan. Expert: compania austriac\u0103 ofer\u0103 pl\u0103\u021bi compensatorii pentru DEMITERI \u00een mas\u0103"},"content":{"rendered":"<p>&#8222;S-a cerut, se face legea ca-n Germania \u0219i-n Austria: corpora\u021biile s\u0103 se guverneze \u0219i la noi. \u0218i cere OMV-ului ce? La doi ac\u021bionari reprezentan\u021bi \u00een Consiliul de Supraveghere ai ac\u021bionariatului s\u0103 fie un reprezentant din angaja\u021bii \u00eenteprinderii respective, ales de sindicate prin vot.\u00a0<\/p>\n<p>Adic\u0103, OMV are 9 \u00een Consiliul de Supraveghere, dintre care 5 sunt OMV, doi sunt statul rom\u00e2n \u0219i doi independen\u021bi.\u00a0<\/p>\n<p>\u00cen acest moment, OMV d\u0103 30.000 de euro, prim\u0103 care pleac\u0103 acas\u0103 din OMV. Voluntar\u0103. Deci, dac\u0103 te duci voluntar \u0219i zici &lt;&lt;Plec acas\u0103&gt;&gt; iei 30.000 de euro \u0219i pleci. Au dat acas\u0103 160.000 de oameni&#8221;, a declarat Dian Popescu, expert \u00een domeniul energiei.\u00a0<\/p>","protected":false},"excerpt":{"rendered":"<p>&#8222;S-a cerut, se face legea ca-n Germania \u0219i-n Austria: corpora\u021biile s\u0103 se guverneze \u0219i la&hellip;<\/p>\n","protected":false},"author":0,"featured_media":40615,"comment_status":"open","ping_status":"open","sticky":false,"template":"","format":"standard","meta":{"footnotes":""},"categories":[2],"tags":[],"class_list":["post-40624","post","type-post","status-publish","format-standard","has-post-thumbnail","hentry","category-actual"],"_links":{"self":[{"href":"https:\/\/247stiri.ro\/index.php\/wp-json\/wp\/v2\/posts\/40624","targetHints":{"allow":["GET"]}}],"collection":[{"href":"https:\/\/247stiri.ro\/index.php\/wp-json\/wp\/v2\/posts"}],"about":[{"href":"https:\/\/247stiri.ro\/index.php\/wp-json\/wp\/v2\/types\/post"}],"replies":[{"embeddable":true,"href":"https:\/\/247stiri.ro\/index.php\/wp-json\/wp\/v2\/comments?post=40624"}],"version-history":[{"count":0,"href":"https:\/\/247stiri.ro\/index.php\/wp-json\/wp\/v2\/posts\/40624\/revisions"}],"wp:featuredmedia":[{"embeddable":true,"href":"https:\/\/247stiri.ro\/index.php\/wp-json\/wp\/v2\/media\/40615"}],"wp:attachment":[{"href":"https:\/\/247stiri.ro\/index.php\/wp-json\/wp\/v2\/media?parent=40624"}],"wp:term":[{"taxonomy":"category","embeddable":true,"href":"https:\/\/247stiri.ro\/index.php\/wp-json\/wp\/v2\/categories?post=40624"},{"taxonomy":"post_tag","embeddable":true,"href":"https:\/\/247stiri.ro\/index.php\/wp-json\/wp\/v2\/tags?post=40624"}],"curies":[{"name":"wp","href":"https:\/\/api.w.org\/{rel}","templated":true}]}}