{"id":40625,"date":"2025-03-19T08:44:58","date_gmt":"2025-03-19T08:44:58","guid":{"rendered":"https:\/\/247stiri.ro\/index.php\/2025\/03\/19\/video-parlamentul-ungariei-inecat-de-fumigene-de-la-ce-a-pornit-disputa\/"},"modified":"2025-03-19T08:44:58","modified_gmt":"2025-03-19T08:44:58","slug":"video-parlamentul-ungariei-inecat-de-fumigene-de-la-ce-a-pornit-disputa","status":"publish","type":"post","link":"https:\/\/247stiri.ro\/index.php\/2025\/03\/19\/video-parlamentul-ungariei-inecat-de-fumigene-de-la-ce-a-pornit-disputa\/","title":{"rendered":"VIDEO: Parlamentul Ungariei, \u00eenecat de fumigene. De la ce a pornit disputa"},"content":{"rendered":"<p>Noua legisla\u021bie a fost prezentat\u0103 cu o zi \u00eenainte, iar aprobarea sa \u00een Parlament a avut loc printr-o procedur\u0103 rapid\u0103, gra\u021bie majorit\u0103\u021bii de care dispune coali\u021bia guvernamental\u0103, ce \u00eei confer\u0103 puterea de a modifica constitu\u021bia. Aceast\u0103 lege a fost votat\u0103 cu 136 de voturi \u201epentru\u201d \u0219i 27 \u201e\u00eempotriv\u0103\u201d \u0219i beneficiaz\u0103 de sprijinul partidului Fidesz, condus de premierul ungar Viktor Orban, precum \u0219i al partenerilor lor minoritari din coali\u021bie, cre\u0219tin-democra\u021bii.<\/p>\n\n<p>Noul act normativ &#8221;interzice \u021binerea unei adun\u0103ri ce ar \u00eenc\u0103lca legisla\u021bia&#8221; din 2021, potrivit c\u0103reia nu este permis\u0103 promovarea \u00een r\u00e2ndul minorilor a &#8221;homosexualit\u0103\u021bii \u0219i a schimb\u0103rii de sex&#8221;.<\/p>\n<p><a href=\"https:\/\/www.realitatea.net\/stiri\/actual\/viktor-orban-contestat-la-el-acasa-zeci-de-mii-de-persoane-furioase-pe-premierul-care-sia-numit-adversarii-gandaci-ce-trebuie-curatati-din-viata-publica_67d5ca7261f463367e534753\" target=\"_blank\">Viktor Orban, contestat la el acas\u0103. Zeci de mii de persoane, furioase pe premierul care \u0219i-a numit adversarii &#8216;g\u00e2ndaci&#8217; ce trebuie &#8216;cur\u0103\u021ba\u021bi&#8217; din via\u021ba public\u0103<\/a>Fidesz, partidul premierului Orban, a propus luni un amendament la legea privind adun\u0103rile publice pentru a interzice paradele gay \u0219i pentru a asigura astfel protejarea minorilor. Deputa\u021bii Fidesz, care guverneaz\u0103 cu majoritate absolut\u0103 din 2010, au justificat modificarea legii afirm\u00e2nd c\u0103 &#8216;acest lucru va garanta c\u0103 \u00een Ungaria pot avea loc doar \u00eent\u00e2lniri ce respect\u0103 dreptul copiilor la o dezvoltare fizic\u0103, mental\u0103 \u0219i moral\u0103 adecvat\u0103&#8217;.Amendamentul prevede utilizarea de c\u0103tre poli\u021bie a programelor de identificare facial\u0103 \u0219i acordarea de amenzi participan\u021bilor. Nu vor fi amenda\u021bi cei care p\u0103r\u0103sesc mar\u0219ul \u00een momentul \u00een care sunt avertiza\u021bi de poli\u021bie.A\u0219a-numita &#8216;lege privind ap\u0103rarea minorilor&#8217;, aprobat\u0103 \u00een 2021, leag\u0103 homosexualitatea de pedofilie, motiv pentru care este considerat\u0103 homofob\u0103 de diferite ONG-uri \u0219i a fost criticat\u0103 de Uniunea European\u0103. Legea interzice discu\u021biile despre homosexualitate \u00een spa\u021biile \u0219i publica\u021biile pentru minori \u0219i oblig\u0103 libr\u0103riile s\u0103 v\u00e2nd\u0103 c\u0103r\u021bile \u00een plicuri sigilate \u00een sec\u021biunea de tineret care abordeaz\u0103 aceast\u0103 chestiune.Parada gay din Ungaria este organizat\u0103 de 29 de ani.\u00cen paralel cu politicile premierului Orban, opozi\u021bia fa\u021b\u0103 de paradele gay continu\u0103 s\u0103 scad\u0103 \u00een r\u00e2ndul popula\u021biei ungare. Astfel, 34% dintre responden\u021bi spuneau \u00een 2019 c\u0103 acestea ar trebui interzise, iar \u00een prezent propor\u021bia acestora a sc\u0103zut la 27%.<\/p>\n<p><a title=\"Decizie radicala. Ungaria a plafonat preturile la alimentele de baza\" href=\"https:\/\/www.realitatea.net\/stiri\/actual\/decizie-radicala-ungaria-a-plafonat-preturile-la-alimentele-de-baza_67d8444e46dcb05d7056d153\">Decizie radical\u0103. Ungaria a plafonat pre\u021burile la alimentele de baz\u0103<\/a><\/p>","protected":false},"excerpt":{"rendered":"<p>Noua legisla\u021bie a fost prezentat\u0103 cu o zi \u00eenainte, iar aprobarea sa \u00een Parlament a&hellip;<\/p>\n","protected":false},"author":0,"featured_media":40607,"comment_status":"open","ping_status":"open","sticky":false,"template":"","format":"standard","meta":{"footnotes":""},"categories":[2],"tags":[],"class_list":["post-40625","post","type-post","status-publish","format-standard","has-post-thumbnail","hentry","category-actual"],"_links":{"self":[{"href":"https:\/\/247stiri.ro\/index.php\/wp-json\/wp\/v2\/posts\/40625","targetHints":{"allow":["GET"]}}],"collection":[{"href":"https:\/\/247stiri.ro\/index.php\/wp-json\/wp\/v2\/posts"}],"about":[{"href":"https:\/\/247stiri.ro\/index.php\/wp-json\/wp\/v2\/types\/post"}],"replies":[{"embeddable":true,"href":"https:\/\/247stiri.ro\/index.php\/wp-json\/wp\/v2\/comments?post=40625"}],"version-history":[{"count":0,"href":"https:\/\/247stiri.ro\/index.php\/wp-json\/wp\/v2\/posts\/40625\/revisions"}],"wp:featuredmedia":[{"embeddable":true,"href":"https:\/\/247stiri.ro\/index.php\/wp-json\/wp\/v2\/media\/40607"}],"wp:attachment":[{"href":"https:\/\/247stiri.ro\/index.php\/wp-json\/wp\/v2\/media?parent=40625"}],"wp:term":[{"taxonomy":"category","embeddable":true,"href":"https:\/\/247stiri.ro\/index.php\/wp-json\/wp\/v2\/categories?post=40625"},{"taxonomy":"post_tag","embeddable":true,"href":"https:\/\/247stiri.ro\/index.php\/wp-json\/wp\/v2\/tags?post=40625"}],"curies":[{"name":"wp","href":"https:\/\/api.w.org\/{rel}","templated":true}]}}