{"id":40632,"date":"2025-03-19T09:45:40","date_gmt":"2025-03-19T09:45:40","guid":{"rendered":"https:\/\/247stiri.ro\/index.php\/2025\/03\/19\/tragedie-in-macedonia-de-nord-soferul-de-ambulanta-care-a-salvat-raniti-din-incendiul-devastator-gasit-fara-suflare-a-mers-sa-se-odihneasca-dar-nu-s-a-mai-trezit\/"},"modified":"2025-03-19T09:45:40","modified_gmt":"2025-03-19T09:45:40","slug":"tragedie-in-macedonia-de-nord-soferul-de-ambulanta-care-a-salvat-raniti-din-incendiul-devastator-gasit-fara-suflare-a-mers-sa-se-odihneasca-dar-nu-s-a-mai-trezit","status":"publish","type":"post","link":"https:\/\/247stiri.ro\/index.php\/2025\/03\/19\/tragedie-in-macedonia-de-nord-soferul-de-ambulanta-care-a-salvat-raniti-din-incendiul-devastator-gasit-fara-suflare-a-mers-sa-se-odihneasca-dar-nu-s-a-mai-trezit\/","title":{"rendered":"Tragedie \u00een Macedonia de Nord: \u0219oferul de ambulan\u021b\u0103 care a salvat r\u0103ni\u021bi din incendiul devastator, g\u0103sit f\u0103r\u0103 suflare. A mers s\u0103 se odihneasc\u0103, dar nu s-a mai trezit"},"content":{"rendered":"<p>\u00a0Dup\u0103 o noapte epuizant\u0103 \u00een care a luptat pentru a salva vie\u021bi, Gocevski s-a retras acas\u0103 pentru a se odihni, \u00eens\u0103 nu s-a mai trezit.<\/p>\n<p>Colegii s\u0103i de la Spitalul General Kocani sunt profund \u00eendurera\u021bi de pierderea unui om dedicat profesiei sale. \u201eDup\u0103 garda fatal\u0103 \u00een care am muncit f\u0103r\u0103 \u00eencetare toat\u0103 noaptea pentru a salva vie\u021bi, diminea\u021ba ne-a adus o alt\u0103 lovitur\u0103 tragic\u0103. Prietenul nostru, colegul nostru, \u0219oferul \u0219i, mai presus de toate, OMUL Ilev Gocevski ne-a p\u0103r\u0103sit. Va r\u0103m\u00e2ne mereu parte din echipa care a ajutat neobosit p\u00e2n\u0103 \u00een ultima clip\u0103! Slav\u0103 \u021bie, mare OM!\u201d, a scris pe re\u021belele de socializare Zoran Popov, angajat al spitalului.<\/p>\n<p>Incendiul care a \u00eendoliat o \u021bar\u0103 \u00eentreag\u0103<\/p>\n<p><a href=\"https:\/\/www.realitatea.net\/stiri\/actual\/detalii-socante-din-clubul-in-flacari-coruptie-can-romania-revolta-uriasa-dupa-tragedia-care-a-socat-o-tara-intreaga_67d7d16de4f5b278b2065f25\" target=\"_blank\">Tragedia care a zdruncinat<\/a> Macedonia de Nord a avut loc \u00een noaptea de s\u00e2mb\u0103t\u0103 spre duminic\u0103, atunci c\u00e2nd clubul Pulse din Kocani a fost cuprins de fl\u0103c\u0103ri. \u00cen\u0103untru se aflau sute de oameni, iar focul s-a extins rapid, l\u0103s\u00e2ndu-le pu\u021bine \u0219anse de sc\u0103pare. Cel pu\u021bin 59 de persoane au murit \u0219i alte 155 au fost r\u0103nite. Martorii spun c\u0103 evacuarea a fost aproape imposibil\u0103 din cauza faptului c\u0103 singura ie\u0219ire era extrem de \u00eengust\u0103, iar ferestrele erau acoperite. \u00cen plus, clubul nu avea autoriza\u021bie de func\u021bionare, hidran\u021bi sau personal care s\u0103 supravegheze jocul de artificii ce ar fi declan\u0219at incendiul.<\/p>\n<p>Cei care au reu\u0219it s\u0103 scape vorbesc despre momente de groaz\u0103. \u201eTo\u021bi au \u00eenceput s\u0103 se \u00eemping\u0103. Am luat-o spre ie\u0219ire. Nu \u0219tiu cum am sf\u00e2r\u0219it pe podea \u0219i nu am putut s\u0103 m\u0103 mai ridic. Atunci lumea a \u00eenceput s\u0103 m\u0103 calce \u00een picioare. Nu mai \u0219tiu cum am reu\u0219it s\u0103 ies\u201d, a declarat o t\u00e2n\u0103r\u0103 supravie\u021buitoare.<\/p>\n<p>Autorit\u0103\u021bile macedonene au re\u021binut deja 23 de suspec\u021bi, printre care func\u021bionari publici acuza\u021bi c\u0103 ar fi emis autoriza\u021bii false \u0219i angaja\u021bi ai clubului. Fostul ministru al Economiei, Kreshnik Bekteshi, \u0219i al\u021bi doi oficiali au fost audia\u021bi, iar primarul din Kocani \u0219i-a dat demisia \u00een urma presiunii publice.<\/p>\n<p>Eroii din noaptea de co\u0219mar<\/p>\n<p><a href=\"https:\/\/www.realitatea.net\/stiri\/extern\/incendiu-intrun-club-de-noapte-zeci-de-morti-in-urma-dezastrului_67d686cbd617a00e4d6d1a17\" target=\"_blank\">Printre cei implica\u021bi \u00een tragedie<\/a> se afl\u0103 \u0219i membrii trupei DNK, care sus\u021bineau un concert \u00een seara fatidic\u0103. Potrivit unor martori, solistul Andrej Gjorgieski a murit \u00eencerc\u00e2nd s\u0103 salveze alte persoane. \u00cen timp ce unii \u00eei acuz\u0103 c\u0103 ar fi cerut folosirea artificiilor \u00een timpul spectacolului, al\u021bii \u00eei consider\u0103 victime nevinovate ale unui sistem corupt \u0219i nep\u0103s\u0103tor.<\/p>\n<p>Moartea \u0219oferului de ambulan\u021b\u0103 Ilev Gocevski adaug\u0103 \u00eenc\u0103 un nume pe lista celor care \u0219i-au dat via\u021ba \u00een aceast\u0103 tragedie. De\u0219i nu a pierit \u00een fl\u0103c\u0103ri, efortul supraomenesc depus \u00een acea noapte fatidic\u0103 i-a fost, se pare, fatal. Pierderea sa subliniaz\u0103 \u00eenc\u0103 o dat\u0103 sacrificiile imense pe care le fac salvatorii pentru a proteja vie\u021bile celor afla\u021bi \u00een pericol.<\/p>\n<p>\u00a0<\/p>","protected":false},"excerpt":{"rendered":"<p>\u00a0Dup\u0103 o noapte epuizant\u0103 \u00een care a luptat pentru a salva vie\u021bi, Gocevski s-a retras&hellip;<\/p>\n","protected":false},"author":0,"featured_media":40633,"comment_status":"open","ping_status":"open","sticky":false,"template":"","format":"standard","meta":{"footnotes":""},"categories":[4],"tags":[],"class_list":["post-40632","post","type-post","status-publish","format-standard","has-post-thumbnail","hentry","category-extern"],"_links":{"self":[{"href":"https:\/\/247stiri.ro\/index.php\/wp-json\/wp\/v2\/posts\/40632","targetHints":{"allow":["GET"]}}],"collection":[{"href":"https:\/\/247stiri.ro\/index.php\/wp-json\/wp\/v2\/posts"}],"about":[{"href":"https:\/\/247stiri.ro\/index.php\/wp-json\/wp\/v2\/types\/post"}],"replies":[{"embeddable":true,"href":"https:\/\/247stiri.ro\/index.php\/wp-json\/wp\/v2\/comments?post=40632"}],"version-history":[{"count":0,"href":"https:\/\/247stiri.ro\/index.php\/wp-json\/wp\/v2\/posts\/40632\/revisions"}],"wp:featuredmedia":[{"embeddable":true,"href":"https:\/\/247stiri.ro\/index.php\/wp-json\/wp\/v2\/media\/40633"}],"wp:attachment":[{"href":"https:\/\/247stiri.ro\/index.php\/wp-json\/wp\/v2\/media?parent=40632"}],"wp:term":[{"taxonomy":"category","embeddable":true,"href":"https:\/\/247stiri.ro\/index.php\/wp-json\/wp\/v2\/categories?post=40632"},{"taxonomy":"post_tag","embeddable":true,"href":"https:\/\/247stiri.ro\/index.php\/wp-json\/wp\/v2\/tags?post=40632"}],"curies":[{"name":"wp","href":"https:\/\/api.w.org\/{rel}","templated":true}]}}