{"id":40668,"date":"2025-03-19T10:45:25","date_gmt":"2025-03-19T10:45:25","guid":{"rendered":"https:\/\/247stiri.ro\/index.php\/2025\/03\/19\/caz-terifiant-in-romania-un-barbat-a-fost-retinut-dupa-ce-l-a-aruncat-pe-bebelusul-concubinei-sale-in-toaleta-din-curte\/"},"modified":"2025-03-19T10:45:25","modified_gmt":"2025-03-19T10:45:25","slug":"caz-terifiant-in-romania-un-barbat-a-fost-retinut-dupa-ce-l-a-aruncat-pe-bebelusul-concubinei-sale-in-toaleta-din-curte","status":"publish","type":"post","link":"https:\/\/247stiri.ro\/index.php\/2025\/03\/19\/caz-terifiant-in-romania-un-barbat-a-fost-retinut-dupa-ce-l-a-aruncat-pe-bebelusul-concubinei-sale-in-toaleta-din-curte\/","title":{"rendered":"Caz terifiant \u00een Rom\u00e2nia: un b\u0103rbat a fost re\u021binut dup\u0103 ce l-a aruncat pe bebelu\u0219ul concubinei sale \u00een toaleta din curte"},"content":{"rendered":"<p>Ce au anun\u021bat autorit\u0103\u021bile \u00een acest caz<\/p>\n<p><a href=\"https:\/\/www.realitatea.net\/stiri\/actual\/caz-socant-in-bucuresti-un-barbat-a-mintit-ca-este-tatal-unui-nounascut-si-a-plecat-cu-bebelusul_67c09bf6fcbb5d5bc92f5b00\" target=\"_blank\">Potrivit anchetatorilor,<\/a> o t\u00e2n\u0103r\u0103 de 21 de ani a n\u0103scut mar\u021bi sear\u0103 \u00een locuin\u021ba sa din Pa\u0219cani. Ulterior, partenerul ei ar fi recurs la gestul extrem de a arunca copilul \u00een toaleta din curte. Ini\u021bial, mama a sus\u021binut \u00een fa\u021ba poli\u021bi\u0219tilor c\u0103 ea a fost cea care l-a aruncat, crez\u00e2nd c\u0103 nu mai prezenta semne vitale.<\/p>\n<p>Sesiza\u021bi despre situa\u021bie, poli\u021bi\u0219tii au ajuns de urgen\u021b\u0103 la fa\u021ba locului, \u00eempreun\u0103 cu un echipaj medical. Copilul a fost g\u0103sit \u00een via\u021b\u0103, dar \u00een stare de hipotermie, \u0219i transportat de urgen\u021b\u0103 la spitalul din Pa\u0219cani. Medicii au confirmat c\u0103 nou-n\u0103scutul c\u00e2nt\u0103re\u0219te aproximativ dou\u0103 kilograme \u0219i se afl\u0103 sub supraveghere medical\u0103.<\/p>\n<p>\u00cen urma cercet\u0103rilor, anchetatorii au stabilit c\u0103 b\u0103rbatul este principalul suspect. Procurorii Parchetului de pe l\u00e2ng\u0103 Tribunalul Ia\u0219i au dispus re\u021binerea acestuia pentru 24 de ore, urm\u00e2nd s\u0103 fie prezentat \u00een fa\u021ba judec\u0103torilor cu propunerea de arestare preventiv\u0103.<\/p>\n<p><a href=\"https:\/\/www.realitatea.net\/stiri\/extern\/soc-la-moscova-o-mama-in-varsta-de-20-de-ani-a-fost-prinsa-in-timp-ce-incerca-sasi-vanda-nounascutul_67af7e5bf1fabc5b264a5c02\" target=\"_blank\">Ancheta continu\u0103<\/a> pentru a se stabili circumstan\u021bele exacte ale acestui caz \u0219ocant, iar autorit\u0103\u021bile analizeaz\u0103 \u0219i posibile acuza\u021bii suplimentare \u00een acest dosar.\u00a0<\/p>","protected":false},"excerpt":{"rendered":"<p>Ce au anun\u021bat autorit\u0103\u021bile \u00een acest caz Potrivit anchetatorilor, o t\u00e2n\u0103r\u0103 de 21 de ani&hellip;<\/p>\n","protected":false},"author":0,"featured_media":40669,"comment_status":"open","ping_status":"open","sticky":false,"template":"","format":"standard","meta":{"footnotes":""},"categories":[2],"tags":[],"class_list":["post-40668","post","type-post","status-publish","format-standard","has-post-thumbnail","hentry","category-actual"],"_links":{"self":[{"href":"https:\/\/247stiri.ro\/index.php\/wp-json\/wp\/v2\/posts\/40668","targetHints":{"allow":["GET"]}}],"collection":[{"href":"https:\/\/247stiri.ro\/index.php\/wp-json\/wp\/v2\/posts"}],"about":[{"href":"https:\/\/247stiri.ro\/index.php\/wp-json\/wp\/v2\/types\/post"}],"replies":[{"embeddable":true,"href":"https:\/\/247stiri.ro\/index.php\/wp-json\/wp\/v2\/comments?post=40668"}],"version-history":[{"count":0,"href":"https:\/\/247stiri.ro\/index.php\/wp-json\/wp\/v2\/posts\/40668\/revisions"}],"wp:featuredmedia":[{"embeddable":true,"href":"https:\/\/247stiri.ro\/index.php\/wp-json\/wp\/v2\/media\/40669"}],"wp:attachment":[{"href":"https:\/\/247stiri.ro\/index.php\/wp-json\/wp\/v2\/media?parent=40668"}],"wp:term":[{"taxonomy":"category","embeddable":true,"href":"https:\/\/247stiri.ro\/index.php\/wp-json\/wp\/v2\/categories?post=40668"},{"taxonomy":"post_tag","embeddable":true,"href":"https:\/\/247stiri.ro\/index.php\/wp-json\/wp\/v2\/tags?post=40668"}],"curies":[{"name":"wp","href":"https:\/\/api.w.org\/{rel}","templated":true}]}}