{"id":40672,"date":"2025-03-19T10:45:26","date_gmt":"2025-03-19T10:45:26","guid":{"rendered":"https:\/\/247stiri.ro\/index.php\/2025\/03\/19\/adolescent-de-17-ani-arestat-pentru-tentativa-de-omor-dupa-ce-a-injunghiat-de-mai-multe-ori-un-tanar-scene-socante-in-sectorul-4-al-capitalei\/"},"modified":"2025-03-19T10:45:26","modified_gmt":"2025-03-19T10:45:26","slug":"adolescent-de-17-ani-arestat-pentru-tentativa-de-omor-dupa-ce-a-injunghiat-de-mai-multe-ori-un-tanar-scene-socante-in-sectorul-4-al-capitalei","status":"publish","type":"post","link":"https:\/\/247stiri.ro\/index.php\/2025\/03\/19\/adolescent-de-17-ani-arestat-pentru-tentativa-de-omor-dupa-ce-a-injunghiat-de-mai-multe-ori-un-tanar-scene-socante-in-sectorul-4-al-capitalei\/","title":{"rendered":"Adolescent de 17 ani, ARESTAT pentru tentativ\u0103 de OMOR, dup\u0103 ce a \u00eenjunghiat de mai multe ori un t\u00e2n\u0103r. Scene \u0219ocante \u00een Sectorul 4 al Capitalei"},"content":{"rendered":"<p>Parchetul de pe l\u00e2ng\u0103 Tribunalul Bucure\u015fti a informat c\u0103 \u00een 18 martie, procurorii au pus \u00een mi\u015fcare ac\u0163iunea penal\u0103 \u00eempotriva unui inculpat minor, cercetat pentru s\u0103v\u00e2r\u015firea infrac\u0163iunilor de tentativ\u0103 de omor \u015fi tulburarea ordinii \u015fi lini\u015ftii publice.<\/p>\n<p>Incidentul s-a petrecut luni sear\u0103, 17 martie, \u00een jurul orei 20.40. Minorul \u00een v\u00e2rst\u0103 de 17 ani s-a luat la ceart\u0103 cu un alt b\u0103iat de aceea\u015fi v\u00e2rst\u0103, \u00een apropierea unui bloc din sectorul 4 al Capitalei \u015fi l-a lovit pe acesta cu pumnul \u00een fa\u0163\u0103. Cei doi au fost desp\u0103r\u0163i\u0163i de trec\u0103tori.<\/p>\n<p>Agresorul nu s-a mul\u021bumit cu at\u00e2t, a\u0219a c\u0103 l-a urm\u0103rit pe cel\u0103lalt b\u0103iat p\u00e2n\u0103 \u00een fa\u0163a sc\u0103rii blocului acestuia \u015fi a scos un cu\u0163it cu care l-a \u00eenjunghiat de mai multe ori, provoc\u00e2ndu-i mai multe r\u0103ni la bra\u0163, la picior, \u00een coaste \u015fi \u00een spate. \u00cen plus de asta, unul dintre pl\u0103m\u00e2ni a fost afectat.<\/p>\n<p>\u0218i de aceast\u0103 dat\u0103 a intervenit o persoan\u0103 care\u00a0i-a luat cu\u0163itul din m\u00e2n\u0103 agresorului, \u00eempiedic\u00e2ndu-l s\u0103-l loveasc\u0103 \u00een continuare pe b\u0103iatul c\u0103zut la p\u0103m\u00e2nt.<\/p>\n<p>Victima a fost transportat\u0103 la Spitalul Marie Curie din Bucure\u015fti, unde a r\u0103mas internat\u0103. \u00cen prezent, starea sa este stabil\u0103.<\/p>\n<p>&#8222;Prin violen\u0163ele descrise mai sus, s\u0103v\u00e2r\u015fite \u00een public, \u00een prezen\u0163a mai multor persoane, a fost tulburat\u0103 ordinea \u015fi lini\u015ftea public\u0103&#8221;, arat\u0103 procurorii.<\/p>\n<p>Adolescentul de 17 ani a fost re\u0163inut pentru 24 de ore, iar ulterior a fost arestat preventiv pentru 30 de zile, \u00een baza unei hot\u0103r\u00e2ri a Tribunalului Bucure\u015fti.<\/p>\n<p>Cercet\u0103rile sunt continuate de c\u0103tre Parchetul de pe l\u00e2ng\u0103 Tribunalul Bucure\u015fti \u015fi Direc\u0163ia General\u0103 de Poli\u0163ie a Municipiului Bucure\u015fti \u2013 Serviciul Omoruri.<\/p>","protected":false},"excerpt":{"rendered":"<p>Parchetul de pe l\u00e2ng\u0103 Tribunalul Bucure\u015fti a informat c\u0103 \u00een 18 martie, procurorii au pus&hellip;<\/p>\n","protected":false},"author":0,"featured_media":0,"comment_status":"open","ping_status":"open","sticky":false,"template":"","format":"standard","meta":{"footnotes":""},"categories":[2],"tags":[],"class_list":["post-40672","post","type-post","status-publish","format-standard","hentry","category-actual"],"_links":{"self":[{"href":"https:\/\/247stiri.ro\/index.php\/wp-json\/wp\/v2\/posts\/40672","targetHints":{"allow":["GET"]}}],"collection":[{"href":"https:\/\/247stiri.ro\/index.php\/wp-json\/wp\/v2\/posts"}],"about":[{"href":"https:\/\/247stiri.ro\/index.php\/wp-json\/wp\/v2\/types\/post"}],"replies":[{"embeddable":true,"href":"https:\/\/247stiri.ro\/index.php\/wp-json\/wp\/v2\/comments?post=40672"}],"version-history":[{"count":0,"href":"https:\/\/247stiri.ro\/index.php\/wp-json\/wp\/v2\/posts\/40672\/revisions"}],"wp:attachment":[{"href":"https:\/\/247stiri.ro\/index.php\/wp-json\/wp\/v2\/media?parent=40672"}],"wp:term":[{"taxonomy":"category","embeddable":true,"href":"https:\/\/247stiri.ro\/index.php\/wp-json\/wp\/v2\/categories?post=40672"},{"taxonomy":"post_tag","embeddable":true,"href":"https:\/\/247stiri.ro\/index.php\/wp-json\/wp\/v2\/tags?post=40672"}],"curies":[{"name":"wp","href":"https:\/\/api.w.org\/{rel}","templated":true}]}}