{"id":40693,"date":"2025-03-19T11:45:52","date_gmt":"2025-03-19T11:45:52","guid":{"rendered":"https:\/\/247stiri.ro\/index.php\/2025\/03\/19\/furt-de-75-000-de-euro-in-austria-orchestrat-de-doi-romani-unde-i-a-prins-oamenii-legii\/"},"modified":"2025-03-19T11:45:52","modified_gmt":"2025-03-19T11:45:52","slug":"furt-de-75-000-de-euro-in-austria-orchestrat-de-doi-romani-unde-i-a-prins-oamenii-legii","status":"publish","type":"post","link":"https:\/\/247stiri.ro\/index.php\/2025\/03\/19\/furt-de-75-000-de-euro-in-austria-orchestrat-de-doi-romani-unde-i-a-prins-oamenii-legii\/","title":{"rendered":"Furt de 75.000 de euro, \u00een Austria, orchestrat de doi rom\u00e2ni. Unde i-a prins oamenii legii"},"content":{"rendered":"<p>Cei doi suspec\u021bi, \u00een v\u00e2rst\u0103 de 29 \u0219i 43 de ani, au fost identifica\u021bi \u0219i captura\u021bi miercuri, \u00een comuna Celaru, \u00een cadrul unei ac\u021biuni desf\u0103\u0219urate de poli\u021bi\u0219tii doljeni.<\/p>\n<p>Ce au anun\u021bat oamenii legii<\/p>\n<p>Potrivit Inspectoratului de Poli\u021bie al Jude\u021bului Dolj, cei doi b\u0103rba\u021bi erau da\u021bi \u00een urm\u0103rire interna\u021bional\u0103, av\u00e2nd mandate europene de arestare emise de autorit\u0103\u021bile judiciare din Austria. Ace\u0219tia sunt acuza\u021bi c\u0103 ar fi sustras componente din cupru de pe teritoriul austriac, prejudiciul fiind estimat la 75.000 de euro.<\/p>\n<p><a href=\"https:\/\/www.realitatea.net\/stiri\/ultimele-stiri\/rasturnare-de-situatie-in-cazul-tablourilor-furate-din-italia-tribunalul-constanta-refuza-arestarea-suspectilor_67d6b53538952d44e118d882\" target=\"_blank\">Dup\u0103 capturarea lor,<\/a> cei doi au fost prezenta\u021bi Parchetului de pe l\u00e2ng\u0103 Curtea de Apel Craiova, care a emis ordonan\u021be de re\u021binere pentru 24 de ore. Suspec\u021bii au fost ulterior transfera\u021bi \u00een Centrul de Re\u021binere \u0219i Arestare Preventiv\u0103 din cadrul Inspectoratului de Poli\u021bie Jude\u021bean Dolj.<\/p>\n<p><a href=\"https:\/\/www.realitatea.net\/stiri\/actual\/trei-tineri-printre-care-si-minori-arestati-pentru-furt-de-catalizatoare-metoda-folosita-pentru-a-actiona-in-parcari-aglomerate_67d47a31e1bfdd5dd1680822\" target=\"_blank\">Autorit\u0103\u021bile rom\u00e2ne<\/a> urmeaz\u0103 s\u0103-i prezinte pe cei doi b\u0103rba\u021bi \u00een fa\u021ba Cur\u021bii de Apel Craiova, unde se va decide asupra emiterii mandatelor de arestare \u00een vederea extr\u0103d\u0103rii c\u0103tre Austria.<\/p>","protected":false},"excerpt":{"rendered":"<p>Cei doi suspec\u021bi, \u00een v\u00e2rst\u0103 de 29 \u0219i 43 de ani, au fost identifica\u021bi \u0219i&hellip;<\/p>\n","protected":false},"author":0,"featured_media":40694,"comment_status":"open","ping_status":"open","sticky":false,"template":"","format":"standard","meta":{"footnotes":""},"categories":[2],"tags":[],"class_list":["post-40693","post","type-post","status-publish","format-standard","has-post-thumbnail","hentry","category-actual"],"_links":{"self":[{"href":"https:\/\/247stiri.ro\/index.php\/wp-json\/wp\/v2\/posts\/40693","targetHints":{"allow":["GET"]}}],"collection":[{"href":"https:\/\/247stiri.ro\/index.php\/wp-json\/wp\/v2\/posts"}],"about":[{"href":"https:\/\/247stiri.ro\/index.php\/wp-json\/wp\/v2\/types\/post"}],"replies":[{"embeddable":true,"href":"https:\/\/247stiri.ro\/index.php\/wp-json\/wp\/v2\/comments?post=40693"}],"version-history":[{"count":0,"href":"https:\/\/247stiri.ro\/index.php\/wp-json\/wp\/v2\/posts\/40693\/revisions"}],"wp:featuredmedia":[{"embeddable":true,"href":"https:\/\/247stiri.ro\/index.php\/wp-json\/wp\/v2\/media\/40694"}],"wp:attachment":[{"href":"https:\/\/247stiri.ro\/index.php\/wp-json\/wp\/v2\/media?parent=40693"}],"wp:term":[{"taxonomy":"category","embeddable":true,"href":"https:\/\/247stiri.ro\/index.php\/wp-json\/wp\/v2\/categories?post=40693"},{"taxonomy":"post_tag","embeddable":true,"href":"https:\/\/247stiri.ro\/index.php\/wp-json\/wp\/v2\/tags?post=40693"}],"curies":[{"name":"wp","href":"https:\/\/api.w.org\/{rel}","templated":true}]}}