{"id":40710,"date":"2025-03-19T12:45:16","date_gmt":"2025-03-19T12:45:16","guid":{"rendered":"https:\/\/247stiri.ro\/index.php\/2025\/03\/19\/dupa-11-ani-parlamentul-a-luat-in-sfarsit-decizia-cu-privire-la-initiativa-prin-care-se-cerea-recunoasterea-delfinilor-ca-persoane-non-umane\/"},"modified":"2025-03-19T12:45:16","modified_gmt":"2025-03-19T12:45:16","slug":"dupa-11-ani-parlamentul-a-luat-in-sfarsit-decizia-cu-privire-la-initiativa-prin-care-se-cerea-recunoasterea-delfinilor-ca-persoane-non-umane","status":"publish","type":"post","link":"https:\/\/247stiri.ro\/index.php\/2025\/03\/19\/dupa-11-ani-parlamentul-a-luat-in-sfarsit-decizia-cu-privire-la-initiativa-prin-care-se-cerea-recunoasterea-delfinilor-ca-persoane-non-umane\/","title":{"rendered":"Dup\u0103 11 ani, Parlamentul a luat \u00een sf\u00e2r\u0219it decizia cu privire la ini\u021biativa prin care se cerea recunoa\u0219terea delfinilor ca \u201dpersoane non-umane\u201d"},"content":{"rendered":"<p>Proiectul a fost prezentat Parlamentului \u00een aprilie 2014 de c\u0103tre Rermus Cernea, pe atunci deputat PSD. Aceast\u0103 ini\u021biativ\u0103 a fost respins\u0103 de senatori \u00een acela\u0219i an, iar \u00een 2015 a fost supus\u0103 din nou votului final \u00een Camera Deputa\u021bilor, dar nu a ob\u021binut majoritatea necesar\u0103 pentru a fi aprobat\u0103.<\/p>\n<p>\u00centr-o sesiune a plenului Camerei Deputa\u021bilor, dedicat\u0103 exclusiv proiectelor de lege propuse pentru respingere, ini\u021biativa referitoare la delfini a generat cele mai intense discu\u021bii. Mul\u021bi dintre vorbitori au subliniat c\u0103 proiectul ajunge la votul final dup\u0103 aproape 11 ani de la ini\u021biere.<\/p>\n<p>Propunerea urm\u0103rea s\u0103 asigure protec\u021bie special\u0103 pentru toate speciile de delfini pe teritoriul Rom\u00e2niei, consider\u00e2nd fiecare exemplar ca fiind o persoan\u0103 non-uman\u0103.<\/p>\n<p>De asemenea, proiectul prevedea interzicerea de\u021binerii delfinilor \u00een captivitate, astfel \u00eenc\u00e2t, \u00een cazul \u00een care legea ar fi fost adoptat\u0103, utilizarea acestora \u00een delfinarii sau alte loca\u021bii recreative ar fi trebuit s\u0103 \u00eenceteze \u00een termen de maximum 12 luni de la intrarea \u00een vigoare.<\/p>\n<p><a title=\"Ce se va intampla cu trupul lui Chen Chen, indragitul DELFIN de la Constanta care a murit in weekend?\" href=\"https:\/\/www.realitatea.net\/stiri\/lumeaanimalelor\/ce-se-va-intampla-cu-trupul-lui-chen-chen-indragitul-delfin-de-la-constanta-care-a-murit-in-weekend_67c5b943d0876327f97a44b4\">Ce se va \u00eent\u00e2mpla cu trupul lui Chen Chen, \u00eendr\u0103gitul DELFIN de la Constan\u021b\u0103 care a murit \u00een weekend?<\/a><\/p>","protected":false},"excerpt":{"rendered":"<p>Proiectul a fost prezentat Parlamentului \u00een aprilie 2014 de c\u0103tre Rermus Cernea, pe atunci deputat&hellip;<\/p>\n","protected":false},"author":0,"featured_media":40711,"comment_status":"open","ping_status":"open","sticky":false,"template":"","format":"standard","meta":{"footnotes":""},"categories":[2],"tags":[],"class_list":["post-40710","post","type-post","status-publish","format-standard","has-post-thumbnail","hentry","category-actual"],"_links":{"self":[{"href":"https:\/\/247stiri.ro\/index.php\/wp-json\/wp\/v2\/posts\/40710","targetHints":{"allow":["GET"]}}],"collection":[{"href":"https:\/\/247stiri.ro\/index.php\/wp-json\/wp\/v2\/posts"}],"about":[{"href":"https:\/\/247stiri.ro\/index.php\/wp-json\/wp\/v2\/types\/post"}],"replies":[{"embeddable":true,"href":"https:\/\/247stiri.ro\/index.php\/wp-json\/wp\/v2\/comments?post=40710"}],"version-history":[{"count":0,"href":"https:\/\/247stiri.ro\/index.php\/wp-json\/wp\/v2\/posts\/40710\/revisions"}],"wp:featuredmedia":[{"embeddable":true,"href":"https:\/\/247stiri.ro\/index.php\/wp-json\/wp\/v2\/media\/40711"}],"wp:attachment":[{"href":"https:\/\/247stiri.ro\/index.php\/wp-json\/wp\/v2\/media?parent=40710"}],"wp:term":[{"taxonomy":"category","embeddable":true,"href":"https:\/\/247stiri.ro\/index.php\/wp-json\/wp\/v2\/categories?post=40710"},{"taxonomy":"post_tag","embeddable":true,"href":"https:\/\/247stiri.ro\/index.php\/wp-json\/wp\/v2\/tags?post=40710"}],"curies":[{"name":"wp","href":"https:\/\/api.w.org\/{rel}","templated":true}]}}