{"id":40749,"date":"2025-03-19T14:45:15","date_gmt":"2025-03-19T14:45:15","guid":{"rendered":"https:\/\/247stiri.ro\/index.php\/2025\/03\/19\/tupeul-sorosistilor-nicusor-dan-s-a-intalnit-pe-furis-cu-ilie-bolojan-la-palatul-cotroceni\/"},"modified":"2025-03-19T14:45:15","modified_gmt":"2025-03-19T14:45:15","slug":"tupeul-sorosistilor-nicusor-dan-s-a-intalnit-pe-furis-cu-ilie-bolojan-la-palatul-cotroceni","status":"publish","type":"post","link":"https:\/\/247stiri.ro\/index.php\/2025\/03\/19\/tupeul-sorosistilor-nicusor-dan-s-a-intalnit-pe-furis-cu-ilie-bolojan-la-palatul-cotroceni\/","title":{"rendered":"Tupeul soro\u0219i\u0219tilor: Nicu\u0219or Dan s-a \u00eent\u00e2lnit pe furi\u0219 cu Ilie Bolojan la Palatul Cotroceni"},"content":{"rendered":"<p>Informa\u021bia a fost lansat\u0103 \u00een spa\u021biul public chiar de c\u0103tre Nicu\u0219or Dan, care a precizat c\u0103 s-a v\u0103zut cu pre\u0219edintele interimar \u00een urm\u0103 cu 2-3 s\u0103pt\u0103m\u00e2ni, pentru a discuta despre &#8222;corectitudinea alegerilor&#8221;.<\/p>\n<p>Mai mult, chiar edilul general, candidat la alegerile preziden\u021biale din mai, a fost cel care i-a trimis un mesaj lui Bolojan solicit\u00e2ndu-i s\u0103-l primeasc\u0103.<\/p>\n<p>Dezv\u0103luirea vine \u00een contextul \u00een care, ulterior, pre\u0219edintele interimar i-a chemat la o \u0219edin\u021b\u0103 pe \u0219efii unor institu\u021bii cu atribu\u021biuni \u00een procesul electoral, de\u0219i organizarea alegerilor nu intr\u0103 \u00een prerogative sale limitate, potrivit Realitatea Plus.<\/p>","protected":false},"excerpt":{"rendered":"<p>Informa\u021bia a fost lansat\u0103 \u00een spa\u021biul public chiar de c\u0103tre Nicu\u0219or Dan, care a precizat&hellip;<\/p>\n","protected":false},"author":0,"featured_media":40750,"comment_status":"open","ping_status":"open","sticky":false,"template":"","format":"standard","meta":{"footnotes":""},"categories":[3],"tags":[],"class_list":["post-40749","post","type-post","status-publish","format-standard","has-post-thumbnail","hentry","category-politica"],"_links":{"self":[{"href":"https:\/\/247stiri.ro\/index.php\/wp-json\/wp\/v2\/posts\/40749","targetHints":{"allow":["GET"]}}],"collection":[{"href":"https:\/\/247stiri.ro\/index.php\/wp-json\/wp\/v2\/posts"}],"about":[{"href":"https:\/\/247stiri.ro\/index.php\/wp-json\/wp\/v2\/types\/post"}],"replies":[{"embeddable":true,"href":"https:\/\/247stiri.ro\/index.php\/wp-json\/wp\/v2\/comments?post=40749"}],"version-history":[{"count":0,"href":"https:\/\/247stiri.ro\/index.php\/wp-json\/wp\/v2\/posts\/40749\/revisions"}],"wp:featuredmedia":[{"embeddable":true,"href":"https:\/\/247stiri.ro\/index.php\/wp-json\/wp\/v2\/media\/40750"}],"wp:attachment":[{"href":"https:\/\/247stiri.ro\/index.php\/wp-json\/wp\/v2\/media?parent=40749"}],"wp:term":[{"taxonomy":"category","embeddable":true,"href":"https:\/\/247stiri.ro\/index.php\/wp-json\/wp\/v2\/categories?post=40749"},{"taxonomy":"post_tag","embeddable":true,"href":"https:\/\/247stiri.ro\/index.php\/wp-json\/wp\/v2\/tags?post=40749"}],"curies":[{"name":"wp","href":"https:\/\/api.w.org\/{rel}","templated":true}]}}