{"id":40751,"date":"2025-03-19T14:45:16","date_gmt":"2025-03-19T14:45:16","guid":{"rendered":"https:\/\/247stiri.ro\/index.php\/2025\/03\/19\/zelenski-discuta-telefonic-chiar-acum-cu-trump-ce-masuri-impune-presedintele-sua-ucrainei-pentru-a-aduce-pacea-pe-front-dupa-discutia-de-ieri-cu-putin\/"},"modified":"2025-03-19T14:45:16","modified_gmt":"2025-03-19T14:45:16","slug":"zelenski-discuta-telefonic-chiar-acum-cu-trump-ce-masuri-impune-presedintele-sua-ucrainei-pentru-a-aduce-pacea-pe-front-dupa-discutia-de-ieri-cu-putin","status":"publish","type":"post","link":"https:\/\/247stiri.ro\/index.php\/2025\/03\/19\/zelenski-discuta-telefonic-chiar-acum-cu-trump-ce-masuri-impune-presedintele-sua-ucrainei-pentru-a-aduce-pacea-pe-front-dupa-discutia-de-ieri-cu-putin\/","title":{"rendered":"Zelenski discut\u0103 telefonic chiar acum cu Trump. Ce m\u0103suri impune pre\u0219edintele SUA Ucrainei pentru a aduce pacea pe front, dup\u0103 discu\u021bia de ieri cu Putin"},"content":{"rendered":"<p class=\"questo-paywall\">\u201eVom discuta detaliile pa\u0219ilor urm\u0103tori \u00eempreun\u0103 cu el\u201d a spus anterior Zelenski, c\u00e2nd a anun\u021bat c\u0103 va discuta cu omologul de la Washington.<\/p>\n<p class=\"questo-paywall\">Zelenski a afirmat c\u0103 acordul lui Putin de a \u00eenceta atacurile asupra infrastructurii energetice este \u201e\u00een mare m\u0103sur\u0103 \u00een contradic\u021bie cu realitatea\u201d, \u00een urma unei serii de atacuri cu drone desf\u0103\u0219urate \u00een \u00eentreaga \u021bar\u0103.<\/p>\n<p class=\"questo-paywall\">Pre\u0219edintele ucrainean a subliniat c\u0103 una dintre cele mai dificile probleme \u00een negocierile viitoare va fi problema concesiilor teritoriale.<\/p>\n<p class=\"questo-paywall\">\u201ePentru noi, linia ro\u0219ie este recunoa\u0219terea teritoriilor temporar ocupate ale Ucrainei ca fiind ruse\u0219ti. Nu vom accepta acest lucru\u201d, a spus el.<\/p>\n<p class=\"questo-paywall\">Rusia a lansat o serie de atacuri cu drone care au vizat zone civile pe parcursul nop\u021bii \u0219i au avariat un spital din Ucraina, dup\u0103 ce pre\u0219edintele Vladimir Putin a refuzat s\u0103 sprijine o \u00eencetare total\u0103 a focului de 30 de zile \u00een timpul discu\u021biilor cu omologul s\u0103u american.<\/p>\n<p>\u00a0<\/p>","protected":false},"excerpt":{"rendered":"<p>\u201eVom discuta detaliile pa\u0219ilor urm\u0103tori \u00eempreun\u0103 cu el\u201d a spus anterior Zelenski, c\u00e2nd a anun\u021bat&hellip;<\/p>\n","protected":false},"author":0,"featured_media":40737,"comment_status":"open","ping_status":"open","sticky":false,"template":"","format":"standard","meta":{"footnotes":""},"categories":[2],"tags":[],"class_list":["post-40751","post","type-post","status-publish","format-standard","has-post-thumbnail","hentry","category-actual"],"_links":{"self":[{"href":"https:\/\/247stiri.ro\/index.php\/wp-json\/wp\/v2\/posts\/40751","targetHints":{"allow":["GET"]}}],"collection":[{"href":"https:\/\/247stiri.ro\/index.php\/wp-json\/wp\/v2\/posts"}],"about":[{"href":"https:\/\/247stiri.ro\/index.php\/wp-json\/wp\/v2\/types\/post"}],"replies":[{"embeddable":true,"href":"https:\/\/247stiri.ro\/index.php\/wp-json\/wp\/v2\/comments?post=40751"}],"version-history":[{"count":0,"href":"https:\/\/247stiri.ro\/index.php\/wp-json\/wp\/v2\/posts\/40751\/revisions"}],"wp:featuredmedia":[{"embeddable":true,"href":"https:\/\/247stiri.ro\/index.php\/wp-json\/wp\/v2\/media\/40737"}],"wp:attachment":[{"href":"https:\/\/247stiri.ro\/index.php\/wp-json\/wp\/v2\/media?parent=40751"}],"wp:term":[{"taxonomy":"category","embeddable":true,"href":"https:\/\/247stiri.ro\/index.php\/wp-json\/wp\/v2\/categories?post=40751"},{"taxonomy":"post_tag","embeddable":true,"href":"https:\/\/247stiri.ro\/index.php\/wp-json\/wp\/v2\/tags?post=40751"}],"curies":[{"name":"wp","href":"https:\/\/api.w.org\/{rel}","templated":true}]}}