{"id":40758,"date":"2025-03-19T14:45:18","date_gmt":"2025-03-19T14:45:18","guid":{"rendered":"https:\/\/247stiri.ro\/index.php\/2025\/03\/19\/ilie-bolojan-participa-joi-si-vineri-la-reuniunea-consiliului-european-si-la-summitul-euro-in-format-extins-sprijinul-pentru-ucraina-si-aspectele-legate-de-dimensiunea-de-aparare-europeana-pe-agen\/"},"modified":"2025-03-19T14:45:18","modified_gmt":"2025-03-19T14:45:18","slug":"ilie-bolojan-participa-joi-si-vineri-la-reuniunea-consiliului-european-si-la-summitul-euro-in-format-extins-sprijinul-pentru-ucraina-si-aspectele-legate-de-dimensiunea-de-aparare-europeana-pe-agen","status":"publish","type":"post","link":"https:\/\/247stiri.ro\/index.php\/2025\/03\/19\/ilie-bolojan-participa-joi-si-vineri-la-reuniunea-consiliului-european-si-la-summitul-euro-in-format-extins-sprijinul-pentru-ucraina-si-aspectele-legate-de-dimensiunea-de-aparare-europeana-pe-agen\/","title":{"rendered":"Ilie Bolojan particip\u0103, joi \u015fi vineri, la reuniunea Consiliului European \u015fi la Summitul Euro \u00een format extins. Sprijinul pentru Ucraina \u0219i aspectele legate de dimensiunea de ap\u0103rare european\u0103, pe agend\u0103"},"content":{"rendered":"<p>Se a\u015fteapt\u0103 prezentarea, de c\u0103tre Pre\u015fedinta Comisiei Europene, a Cartei Albe privind viitorul ap\u0103r\u0103rii europene, document care va expune o viziune comun\u0103 asupra aspectelor economice \u015fi financiare ale ap\u0103r\u0103rii UE.<\/p>\n<p>Administra\u0163ia Preziden\u0163ial\u0103 precizeaz\u0103 c\u0103 \u00een marja Consiliului European, va fi organizat\u0103, pe 20 martie, o \u00eent\u00e2lnire de lucru cu Secretarul General al Organiza\u0163iei Na\u0163iunilor Unite, Ant\u00f3nio Guterres, \u00een cadrul c\u0103reia liderii europeni \u015fi oficialul ONU vor avea un schimb de opinii privind provoc\u0103rile globale actuale, din perspectiva multilateralismului, problematicii oceanelor \u015fi situa\u0163iei din Orientul Mijlociu.<\/p>\n<p>\u201dUn punct principal pe agenda reuniunii se refer\u0103 la asigurarea competitivit\u0103\u0163ii europene, fiind identificate trei domenii prioritare pentru dezbatere: simplificarea \u015fi reducerea poverii administrative, consolidarea pie\u0163ei de energie \u015fi Uniunea economiilor \u015fi investi\u0163iilor. Vor fi abordate \u015fi Planurile de Ac\u0163iune pentru sectoarele auto \u015fi siderurgic\u201d, arat\u0103 comunicatul oficial.<\/p>\n<p>Aspectele privind competitivitatea vor fi abordate \u015fi \u00een cadrul Summitului Euro, unde liderii vor discuta propuneri privind mobilizarea economiilor private, cu inten\u0163ia de a sublinia importan\u0163a finaliz\u0103rii Uniunii Pie\u0163elor de Capital \u015fi a Uniunii Bancare ca aspecte prioritare \u00een avansarea unei Uniuni a economiilor \u015fi investi\u0163iilor<\/p>\n<p>\u201d\u00cen continuarea discu\u0163iilor purtate \u00een cadrul reuniunii extraordinare a Consiliului European din 6 martie 2025, liderii vor aborda ultimele evolu\u0163ii privind sprijinul pentru Ucraina, precum \u015fi aspectele legate de dimensiunea de ap\u0103rare european\u0103. Se a\u015fteapt\u0103 prezentarea, de c\u0103tre Pre\u015fedinta Comisiei Europene, a Cartei Albe privind viitorul ap\u0103r\u0103rii europene, document care va expune o viziune comun\u0103 asupra aspectelor economice \u015fi financiare ale ap\u0103r\u0103rii UE\u201d, a subliniat Administra\u0163ia Preziden\u0163ial\u0103.<\/p>\n<p>De asemenea, Consiliul European va avea un schimb de opinii cu privire la evolu\u0163iile din Orientul Mijlociu, \u00een special situa\u0163ia din Gaza \u015fi Siria, \u015fi vor fi evaluate progresele \u00een gestionarea migra\u0163iei, pe baza deciziilor luate la reuniunea Consiliului European din octombrie 2024.<\/p>\n<p>\u201d\u00cent\u00e2lnirea va oferi oportunitatea unui prim schimb de vederi cu privire la viitorul Cadru financiar multianual, inten\u0163ia fiind de a identifica resursele necesare pentru ca Uniunea s\u0103-\u015fi ating\u0103 obiectivele \u015fi de a \u00een\u0163elege rolul noilor resurse proprii \u00een urm\u0103torul exerci\u0163iu bugetar. Obiectivul este ca aceast\u0103 discu\u0163ie s\u0103 contribuie la preg\u0103tirea propunerilor Comisiei Europene pentru pachetul ce ar urma s\u0103 fie prezentat \u00eenainte de var\u0103\u201d, se mai precizeaz\u0103 \u00een comunicat. Joi, pre\u015fedintele interimar al Rom\u00e2niei, Ilie Bolojan, va participa \u015fi la Summitul PPE, \u00een cadrul c\u0103ruia se va discuta agenda reuniunii Consiliului European.<\/p>","protected":false},"excerpt":{"rendered":"<p>Se a\u015fteapt\u0103 prezentarea, de c\u0103tre Pre\u015fedinta Comisiei Europene, a Cartei Albe privind viitorul ap\u0103r\u0103rii europene,&hellip;<\/p>\n","protected":false},"author":0,"featured_media":40739,"comment_status":"open","ping_status":"open","sticky":false,"template":"","format":"standard","meta":{"footnotes":""},"categories":[2],"tags":[],"class_list":["post-40758","post","type-post","status-publish","format-standard","has-post-thumbnail","hentry","category-actual"],"_links":{"self":[{"href":"https:\/\/247stiri.ro\/index.php\/wp-json\/wp\/v2\/posts\/40758","targetHints":{"allow":["GET"]}}],"collection":[{"href":"https:\/\/247stiri.ro\/index.php\/wp-json\/wp\/v2\/posts"}],"about":[{"href":"https:\/\/247stiri.ro\/index.php\/wp-json\/wp\/v2\/types\/post"}],"replies":[{"embeddable":true,"href":"https:\/\/247stiri.ro\/index.php\/wp-json\/wp\/v2\/comments?post=40758"}],"version-history":[{"count":0,"href":"https:\/\/247stiri.ro\/index.php\/wp-json\/wp\/v2\/posts\/40758\/revisions"}],"wp:featuredmedia":[{"embeddable":true,"href":"https:\/\/247stiri.ro\/index.php\/wp-json\/wp\/v2\/media\/40739"}],"wp:attachment":[{"href":"https:\/\/247stiri.ro\/index.php\/wp-json\/wp\/v2\/media?parent=40758"}],"wp:term":[{"taxonomy":"category","embeddable":true,"href":"https:\/\/247stiri.ro\/index.php\/wp-json\/wp\/v2\/categories?post=40758"},{"taxonomy":"post_tag","embeddable":true,"href":"https:\/\/247stiri.ro\/index.php\/wp-json\/wp\/v2\/tags?post=40758"}],"curies":[{"name":"wp","href":"https:\/\/api.w.org\/{rel}","templated":true}]}}