{"id":40759,"date":"2025-03-19T14:45:19","date_gmt":"2025-03-19T14:45:19","guid":{"rendered":"https:\/\/247stiri.ro\/index.php\/2025\/03\/19\/rabla-2025-de-ce-scoate-ministerul-mediului-masinile-diesel-din-programul-de-reinnoire-a-parcului-auto-national\/"},"modified":"2025-03-19T14:45:19","modified_gmt":"2025-03-19T14:45:19","slug":"rabla-2025-de-ce-scoate-ministerul-mediului-masinile-diesel-din-programul-de-reinnoire-a-parcului-auto-national","status":"publish","type":"post","link":"https:\/\/247stiri.ro\/index.php\/2025\/03\/19\/rabla-2025-de-ce-scoate-ministerul-mediului-masinile-diesel-din-programul-de-reinnoire-a-parcului-auto-national\/","title":{"rendered":"Rabla 2025. De ce scoate Ministerul Mediului ma\u0219inile diesel din programul de re\u00eennoire a parcului auto na\u021bional"},"content":{"rendered":"<p>Ministrul Mediului, Mircea Fechet, a declarat c\u0103 printre schimb\u0103ri se num\u0103r\u0103 eliminarea din program a ma\u0219inilor diesel, dar \u0219i cuantumul voucherelor. Ministrul Mediului, Mircea Fechet, a declarat c\u0103 principala modificare este legat\u0103 de modul de \u00eenscriere. \u201c\u00censcrierea nu se va mai face a\u0219a cum se \u00eent\u00e2mpla p\u00e2n\u0103 acum, printr-un dealer.<\/p>\n<p>Rom\u00e2nii vor putea pur \u0219i simplu s\u0103 intre \u00een aplica\u021bia informatic\u0103 \u0219i s\u0103-\u0219i genereze singuri voucherul, indiferent dac\u0103 discut\u0103m despre motoare conven\u021bionale, ma\u0219ini plug-in hybrid sau electrice\u201d, a mai explicat ministrul. De asemenea, din program s-ar putea elimina ma\u0219inile diesel.<\/p>\n<p>O alt\u0103 propunere pe care am s\u0103 o fac, \u0219i s\u0103pt\u0103m\u00e2na aceasta vom demara procesul de aprobare a ghidului, este legat\u0103 de finan\u021barea autoturismelor diesel. Consider c\u0103 va trebui s\u0103 finan\u021b\u0103m autoturisme din ce \u00een ce mai prietenoase cu mediul, lucru pe care l-am f\u0103cut constant \u00een ultimii ani.<\/p>\n<p>Din acest motiv propunerea mea va fi \u00een sensul elimin\u0103rii acestei categorii de motor termic, de altfel nici nu prea mai exist\u0103 multe modele noi care s\u0103 foloseasc\u0103 o astfel de tehnologie\u201d, a mai afirmat Fechet. Potrivit ministrului, programul ar putea \u00eencepe \u00eenainte de luna mai.<\/p>\n<p>O alt\u0103 schimbare este legat\u0103 de finan\u021barea unei sesiuni continue. \u201cO alt\u0103 chestiune pe care am discutat-o cu produc\u0103torii \u0219i importatorii de autoturisme din Rom\u00e2nia este legat\u0103 de finan\u021barea unei sesiuni continue. Nu o s\u0103 mai avem sesiune de prim\u0103var\u0103 \u0219i toamn\u0103. Practic, odat\u0103 deschis programul, el va func\u021biona continuu p\u00e2n\u0103 la epuizarea sumelor alocate, ceea ce genereaz\u0103 o anumit\u0103 predictibilitate de care au nevoie at\u00e2t rom\u00e2nii, c\u00e2t \u0219i produc\u0103torii \u0219i dealerii de autoturisme\u201d, a conchis Mircea Fechet.<\/p>","protected":false},"excerpt":{"rendered":"<p>Ministrul Mediului, Mircea Fechet, a declarat c\u0103 printre schimb\u0103ri se num\u0103r\u0103 eliminarea din program a&hellip;<\/p>\n","protected":false},"author":0,"featured_media":40733,"comment_status":"open","ping_status":"open","sticky":false,"template":"","format":"standard","meta":{"footnotes":""},"categories":[2],"tags":[],"class_list":["post-40759","post","type-post","status-publish","format-standard","has-post-thumbnail","hentry","category-actual"],"_links":{"self":[{"href":"https:\/\/247stiri.ro\/index.php\/wp-json\/wp\/v2\/posts\/40759","targetHints":{"allow":["GET"]}}],"collection":[{"href":"https:\/\/247stiri.ro\/index.php\/wp-json\/wp\/v2\/posts"}],"about":[{"href":"https:\/\/247stiri.ro\/index.php\/wp-json\/wp\/v2\/types\/post"}],"replies":[{"embeddable":true,"href":"https:\/\/247stiri.ro\/index.php\/wp-json\/wp\/v2\/comments?post=40759"}],"version-history":[{"count":0,"href":"https:\/\/247stiri.ro\/index.php\/wp-json\/wp\/v2\/posts\/40759\/revisions"}],"wp:featuredmedia":[{"embeddable":true,"href":"https:\/\/247stiri.ro\/index.php\/wp-json\/wp\/v2\/media\/40733"}],"wp:attachment":[{"href":"https:\/\/247stiri.ro\/index.php\/wp-json\/wp\/v2\/media?parent=40759"}],"wp:term":[{"taxonomy":"category","embeddable":true,"href":"https:\/\/247stiri.ro\/index.php\/wp-json\/wp\/v2\/categories?post=40759"},{"taxonomy":"post_tag","embeddable":true,"href":"https:\/\/247stiri.ro\/index.php\/wp-json\/wp\/v2\/tags?post=40759"}],"curies":[{"name":"wp","href":"https:\/\/api.w.org\/{rel}","templated":true}]}}