{"id":40776,"date":"2025-03-19T15:44:54","date_gmt":"2025-03-19T15:44:54","guid":{"rendered":"https:\/\/247stiri.ro\/index.php\/2025\/03\/19\/scene-terifiante-un-barbat-si-a-injunghiat-propriul-fiul-victima-a-fost-operata-pentru-a-ramane-in-viata\/"},"modified":"2025-03-19T15:44:54","modified_gmt":"2025-03-19T15:44:54","slug":"scene-terifiante-un-barbat-si-a-injunghiat-propriul-fiul-victima-a-fost-operata-pentru-a-ramane-in-viata","status":"publish","type":"post","link":"https:\/\/247stiri.ro\/index.php\/2025\/03\/19\/scene-terifiante-un-barbat-si-a-injunghiat-propriul-fiul-victima-a-fost-operata-pentru-a-ramane-in-viata\/","title":{"rendered":"Scene terifiante! Un b\u0103rbat \u0219i-a \u00eenjunghiat propriul fiul: victima a fost operat\u0103 pentru a r\u0103m\u00e2ne \u00een via\u021b\u0103"},"content":{"rendered":"<p>Cum s-a produs incidentul<\/p>\n<p><a href=\"https:\/\/www.realitatea.net\/stiri\/actual\/adolescent-de-17-ani-arestat-pentru-tentativa-de-omor-dupa-ce-a-injunghiat-de-mai-multe-ori-un-tanar-scene-socante-in-sectorul-4-al-capitalei_67da93bc75898a51f420f317\" target=\"_blank\">\u00a0Incidentul a avut loc<\/a> \u00eentr-o locuin\u021b\u0103 din comuna Bustuchin, sat Poiana Seciuri, \u00een noaptea de 25 februarie 2025, \u00een jurul orei 00:50. Victima a suferit r\u0103ni grave care i-au pus via\u021ba \u00een pericol, fiind supus\u0103 unei interven\u021bii chirurgicale salvatoare.<\/p>\n<p>Potrivit informa\u021biilor furnizate de Parchetul de pe l\u00e2ng\u0103 Tribunalul Gorj, inculpatul, identificat ca R.C., a folosit un cu\u021bit cu lama de 12 cm pentru a-\u0219i ataca fiul, R.F.C., provoc\u00e2ndu-i dou\u0103 pl\u0103gi penetrante \u00een zona hipocondrului drept \u0219i a hemitoracelui drept posterior. Conform concluziilor medicilor, f\u0103r\u0103 interven\u021bia chirurgical\u0103 de urgen\u021b\u0103, r\u0103nile ar fi avut un rezultat fatal.<\/p>\n<p><a href=\"https:\/\/www.realitatea.net\/stiri\/actual\/incident-grav-in-gorj-un-barbat-sia-injunghiat-fratele-victima-a-decedat-arest-preventiv-30-de-zile-pentru-criminal_67bc4bb5665d006364392252\" target=\"_blank\">Agresorul a fost re\u021binut<\/a> la scurt timp dup\u0103 incident, iar pe 27 februarie 2025, instan\u021ba a decis plasarea sa \u00een arest preventiv. Procurorii continu\u0103 ancheta pentru a clarifica toate circumstan\u021bele producerii acestui act de violen\u021b\u0103 extrem\u0103.<\/p>","protected":false},"excerpt":{"rendered":"<p>Cum s-a produs incidentul \u00a0Incidentul a avut loc \u00eentr-o locuin\u021b\u0103 din comuna Bustuchin, sat Poiana&hellip;<\/p>\n","protected":false},"author":0,"featured_media":40777,"comment_status":"open","ping_status":"open","sticky":false,"template":"","format":"standard","meta":{"footnotes":""},"categories":[2],"tags":[],"class_list":["post-40776","post","type-post","status-publish","format-standard","has-post-thumbnail","hentry","category-actual"],"_links":{"self":[{"href":"https:\/\/247stiri.ro\/index.php\/wp-json\/wp\/v2\/posts\/40776","targetHints":{"allow":["GET"]}}],"collection":[{"href":"https:\/\/247stiri.ro\/index.php\/wp-json\/wp\/v2\/posts"}],"about":[{"href":"https:\/\/247stiri.ro\/index.php\/wp-json\/wp\/v2\/types\/post"}],"replies":[{"embeddable":true,"href":"https:\/\/247stiri.ro\/index.php\/wp-json\/wp\/v2\/comments?post=40776"}],"version-history":[{"count":0,"href":"https:\/\/247stiri.ro\/index.php\/wp-json\/wp\/v2\/posts\/40776\/revisions"}],"wp:featuredmedia":[{"embeddable":true,"href":"https:\/\/247stiri.ro\/index.php\/wp-json\/wp\/v2\/media\/40777"}],"wp:attachment":[{"href":"https:\/\/247stiri.ro\/index.php\/wp-json\/wp\/v2\/media?parent=40776"}],"wp:term":[{"taxonomy":"category","embeddable":true,"href":"https:\/\/247stiri.ro\/index.php\/wp-json\/wp\/v2\/categories?post=40776"},{"taxonomy":"post_tag","embeddable":true,"href":"https:\/\/247stiri.ro\/index.php\/wp-json\/wp\/v2\/tags?post=40776"}],"curies":[{"name":"wp","href":"https:\/\/api.w.org\/{rel}","templated":true}]}}