{"id":40787,"date":"2025-03-19T16:45:01","date_gmt":"2025-03-19T16:45:01","guid":{"rendered":"https:\/\/247stiri.ro\/index.php\/2025\/03\/19\/demisia-premierului-serbiei-aprobata-de-parlament-termen-de-30-de-zile-pentru-formarea-unui-nou-guvern-sau-convocarea-de-alegeri-anticipate\/"},"modified":"2025-03-19T16:45:01","modified_gmt":"2025-03-19T16:45:01","slug":"demisia-premierului-serbiei-aprobata-de-parlament-termen-de-30-de-zile-pentru-formarea-unui-nou-guvern-sau-convocarea-de-alegeri-anticipate","status":"publish","type":"post","link":"https:\/\/247stiri.ro\/index.php\/2025\/03\/19\/demisia-premierului-serbiei-aprobata-de-parlament-termen-de-30-de-zile-pentru-formarea-unui-nou-guvern-sau-convocarea-de-alegeri-anticipate\/","title":{"rendered":"Demisia premierului Serbiei, aprobat\u0103 de parlament. Termen de 30 de zile pentru formarea unui nou guvern sau convocarea de alegeri anticipate"},"content":{"rendered":"<p>Milos Vucevic, liderul Partidului Progresist S\u00e2rb (SNS), aflat la putere, \u015fi aliat al pre\u015fedintelui populist Aleksand\u0103r Vucic, a demisionat la 28 ianuarie, \u00een urma protestelor declan\u015fate de pr\u0103bu\u015firea unei copertine \u00eentr-o gar\u0103 din ora\u015ful Novi Sad (nord), \u00een noiembrie anul trecut, \u00een urma c\u0103reia au murit 15 persoane.<\/p>\n<p>Peste 100.000 de protestatari au ie\u015fit s\u00e2mb\u0103t\u0103 \u00een strad\u0103 la Belgrad la unul dintre cele mai mari mitinguri din ultimele decenii. Protestatarii spun c\u0103 dezastrul feroviar a fost un simptom al corup\u0163iei generalizate \u015fi al proastei administr\u0103ri, ceea ce guvernul neag\u0103.<\/p>\n<p>Confrom Constitu\u0163iei, pre\u015fedintele Vucic are acum la dispozi\u0163ie 30 de zile pentru a propune un nou prim-ministru desemnat care s\u0103 conduc\u0103 guvernul p\u00e2n\u0103 \u00een 2027, c\u00e2nd sunt programate alegeri parlamentare \u015fi preziden\u0163iale.<\/p>\n<p>\u201eParlamentul s\u00e2rb a aprobat demisia prim-ministrului, iar mandatul guvernului se \u00eencheie\u201d, a anun\u0163at pre\u015fedinta Parlamentului, Ana Brnabic. \u201eTermenul limit\u0103 pentru noul guvern este 18 aprilie la miezul nop\u0163ii\u201d, a precizat ea.<\/p>\n<p>\u00cen cazul \u00een care Vucic nu reu\u015fe\u015fte s\u0103 numeasc\u0103 un nou prim-ministru \u00een termenul limit\u0103, vor fi declan\u015fate alegeri \u00een termen de 45 p\u00e2n\u0103 la 60 de zile.<\/p>","protected":false},"excerpt":{"rendered":"<p>Milos Vucevic, liderul Partidului Progresist S\u00e2rb (SNS), aflat la putere, \u015fi aliat al pre\u015fedintelui populist&hellip;<\/p>\n","protected":false},"author":0,"featured_media":40783,"comment_status":"open","ping_status":"open","sticky":false,"template":"","format":"standard","meta":{"footnotes":""},"categories":[2],"tags":[],"class_list":["post-40787","post","type-post","status-publish","format-standard","has-post-thumbnail","hentry","category-actual"],"_links":{"self":[{"href":"https:\/\/247stiri.ro\/index.php\/wp-json\/wp\/v2\/posts\/40787","targetHints":{"allow":["GET"]}}],"collection":[{"href":"https:\/\/247stiri.ro\/index.php\/wp-json\/wp\/v2\/posts"}],"about":[{"href":"https:\/\/247stiri.ro\/index.php\/wp-json\/wp\/v2\/types\/post"}],"replies":[{"embeddable":true,"href":"https:\/\/247stiri.ro\/index.php\/wp-json\/wp\/v2\/comments?post=40787"}],"version-history":[{"count":0,"href":"https:\/\/247stiri.ro\/index.php\/wp-json\/wp\/v2\/posts\/40787\/revisions"}],"wp:featuredmedia":[{"embeddable":true,"href":"https:\/\/247stiri.ro\/index.php\/wp-json\/wp\/v2\/media\/40783"}],"wp:attachment":[{"href":"https:\/\/247stiri.ro\/index.php\/wp-json\/wp\/v2\/media?parent=40787"}],"wp:term":[{"taxonomy":"category","embeddable":true,"href":"https:\/\/247stiri.ro\/index.php\/wp-json\/wp\/v2\/categories?post=40787"},{"taxonomy":"post_tag","embeddable":true,"href":"https:\/\/247stiri.ro\/index.php\/wp-json\/wp\/v2\/tags?post=40787"}],"curies":[{"name":"wp","href":"https:\/\/api.w.org\/{rel}","templated":true}]}}