{"id":40788,"date":"2025-03-19T16:45:02","date_gmt":"2025-03-19T16:45:02","guid":{"rendered":"https:\/\/247stiri.ro\/index.php\/2025\/03\/19\/alerta-la-spitalul-de-cardiologie-din-statiunea-covasna-o-grenada-de-razboi-a-fost-descoperita-in-curtea-unitatii-medicale\/"},"modified":"2025-03-19T16:45:02","modified_gmt":"2025-03-19T16:45:02","slug":"alerta-la-spitalul-de-cardiologie-din-statiunea-covasna-o-grenada-de-razboi-a-fost-descoperita-in-curtea-unitatii-medicale","status":"publish","type":"post","link":"https:\/\/247stiri.ro\/index.php\/2025\/03\/19\/alerta-la-spitalul-de-cardiologie-din-statiunea-covasna-o-grenada-de-razboi-a-fost-descoperita-in-curtea-unitatii-medicale\/","title":{"rendered":"Alert\u0103 la Spitalul de Cardiologie din sta\u021biunea Covasna! O grenad\u0103 de r\u0103zboi a fost descoperit\u0103 \u00een curtea unit\u0103\u021bii medicale"},"content":{"rendered":"<p>Inspectoratul Jude\u0163ean pentru Situa\u0163ii de Urgen\u0163\u0103 (ISU) Covasna a anun\u021bat c\u0103 zona a fost izolat\u0103, iar persoanele aflate \u00een apropiere au fost evacuate. \u00centre timp, o echip\u0103 de pirotehni\u0219ti a ridicat <a href=\"https:\/\/www.realitatea.net\/stiri\/actual\/descoperire-inedita-facuta-de-o-familie-din-romania-ce-au-putut-sa-gaseasca-in-curtea-casei_67d1c13c8116de58b72655c2\" target=\"_blank\">grenada <\/a>de r\u0103zboi, interven\u021bia desf\u0103\u0219ur\u00e2ndu-se f\u0103r\u0103 probleme.\u00a0<\/p>\n<p>\u201eAst\u0103zi, \u00een jurul orei 13:00, printr-un apel la num\u0103rul unic de urgen\u0163\u0103 112, a fost semnalat\u0103 descoperirea unei grenade de m\u00e2n\u0103 de r\u0103zboi, model F-1 de tip defensiv, \u00een curtea Spitalului de Cardiologie din Covasna. La fa\u0163a locului s-au deplasat de urgen\u0163\u0103 echipa pirotehnic\u0103 din cadrul ISU Covasna, o autospecial\u0103 de interven\u0163ie \u015fi o ambulan\u0163\u0103 SMURD. Zona a fost imediat izolat\u0103 pe o raz\u0103 de 100 de metri, iar persoanele aflate \u00een apropiere au fost evacuate, pentru a preveni orice risc\u201d, au precizat reprezentan\u0163ii ISU Covasna.<\/p>\n<p>Grenada a fost ridicat\u0103 \u00een condi\u0163ii de siguran\u0163\u0103, pentru a fi transportat\u0103 c\u0103tre locul de depozitare, conform procedurilor specifice, au mai transmis autorit\u0103\u021bile.\u00a0<\/p>","protected":false},"excerpt":{"rendered":"<p>Inspectoratul Jude\u0163ean pentru Situa\u0163ii de Urgen\u0163\u0103 (ISU) Covasna a anun\u021bat c\u0103 zona a fost izolat\u0103,&hellip;<\/p>\n","protected":false},"author":0,"featured_media":40789,"comment_status":"open","ping_status":"open","sticky":false,"template":"","format":"standard","meta":{"footnotes":""},"categories":[2],"tags":[],"class_list":["post-40788","post","type-post","status-publish","format-standard","has-post-thumbnail","hentry","category-actual"],"_links":{"self":[{"href":"https:\/\/247stiri.ro\/index.php\/wp-json\/wp\/v2\/posts\/40788","targetHints":{"allow":["GET"]}}],"collection":[{"href":"https:\/\/247stiri.ro\/index.php\/wp-json\/wp\/v2\/posts"}],"about":[{"href":"https:\/\/247stiri.ro\/index.php\/wp-json\/wp\/v2\/types\/post"}],"replies":[{"embeddable":true,"href":"https:\/\/247stiri.ro\/index.php\/wp-json\/wp\/v2\/comments?post=40788"}],"version-history":[{"count":0,"href":"https:\/\/247stiri.ro\/index.php\/wp-json\/wp\/v2\/posts\/40788\/revisions"}],"wp:featuredmedia":[{"embeddable":true,"href":"https:\/\/247stiri.ro\/index.php\/wp-json\/wp\/v2\/media\/40789"}],"wp:attachment":[{"href":"https:\/\/247stiri.ro\/index.php\/wp-json\/wp\/v2\/media?parent=40788"}],"wp:term":[{"taxonomy":"category","embeddable":true,"href":"https:\/\/247stiri.ro\/index.php\/wp-json\/wp\/v2\/categories?post=40788"},{"taxonomy":"post_tag","embeddable":true,"href":"https:\/\/247stiri.ro\/index.php\/wp-json\/wp\/v2\/tags?post=40788"}],"curies":[{"name":"wp","href":"https:\/\/api.w.org\/{rel}","templated":true}]}}