{"id":40790,"date":"2025-03-19T16:45:02","date_gmt":"2025-03-19T16:45:02","guid":{"rendered":"https:\/\/247stiri.ro\/index.php\/2025\/03\/19\/atac-armat-in-sua-un-barbat-a-tras-cu-arma-in-fata-sediului-central-al-cia-din-langley-video\/"},"modified":"2025-03-19T16:45:02","modified_gmt":"2025-03-19T16:45:02","slug":"atac-armat-in-sua-un-barbat-a-tras-cu-arma-in-fata-sediului-central-al-cia-din-langley-video","status":"publish","type":"post","link":"https:\/\/247stiri.ro\/index.php\/2025\/03\/19\/atac-armat-in-sua-un-barbat-a-tras-cu-arma-in-fata-sediului-central-al-cia-din-langley-video\/","title":{"rendered":"Atac armat \u00een SUA. Un b\u0103rbat a tras cu arma \u00een fa\u021ba sediului central al CIA din Langley VIDEO"},"content":{"rendered":"<p>Poli\u021bia \u0219i echipele SWAT au \u00eenchis drumurile care duc c\u0103tre campusul unde se afl\u0103 sediul central al CIA din cauza unei amenin\u021b\u0103ri cu arma, au confirmat oficialii americani.<\/p>\n<p>Un trec\u0103tor, prezent la locul incidentului, a spus c\u0103 poli\u021bi\u0219tii au sosit \u00een num\u0103r mare \u00een fa\u021ba por\u021bii de acces \u00een Langley, Virginia, cartierul general fiind, practic, blocat, de ofi\u021beri de poli\u021bie, vehicule militare \u0219i ma\u0219ini de pompieri.<\/p>\n<p>Jurnalistul Andrew Leyden a postat pe X c\u0103 \u201eSuspectul a tras mai multe cartu\u0219e \u00een aer\u201d.<\/p>\n<p>CIA a confirmat c\u0103 au existat \u201eamenin\u021b\u0103ri\u201d la poart\u0103, care se afl\u0103 la mai pu\u021bin de 6 kilometri de capital Washington, D.C., dar \u00eenc\u0103 nu a oferit detalii suplimentare despre incident.<\/p>\n<p>CIA \u0219i poli\u021bi\u0219tii locali nu au r\u0103spuns imediat solicit\u0103rilor din partea presei americane.<\/p>\n<p>Un flux live al incidentului pe Facebook arat\u0103 o mul\u021bime de ofi\u021beri aduna\u021bi \u00een jurul intr\u0103rii cu alte vehicule care \u00eenconjoar\u0103 zona.<\/p>\n<p>Atacul are loc la doar c\u00e2teva ore dup\u0103 ce pre\u0219edintele Trump a \u201edat liber\u201d la o parte din documente clasificate despre asasinarea fostului pre\u0219edinte american John Fitzgerald Kennedy.<\/p>\n<p>\u00a0<\/p>\n<p>Cele 80.000 de pagini legate de \u00eempu\u0219c\u0103tura fatal\u0103 din 22 noiembrie 1963 ar putea oferi o perspectiv\u0103 asupra zvonurilor nefondate de zeci de ani c\u0103 CIA a fost implicat\u0103 \u00een asasinarea fostului pre\u0219edinte.<\/p>\n<p>De ani de zile, au circulat zvonuri cu privire la celebra \u00eempu\u0219c\u0103tur\u0103 de la Dallas, determin\u00e2nd americanii s\u0103 cear\u0103 documentele originale, iar mar\u021bi seara, Donald Trump a r\u0103spuns la unele dintre cererile lor.<\/p>\n<p>Trump a spus c\u0103 sunt \u201emulte de citit\u201d \u00eenainte de publicarea \u00een ziare.<\/p>\n<p>Istoricul preziden\u021bial Michael Beschloss a declarat pentru NBC News c\u0103 oamenii au \u201eat\u00e2t de multe \u00eendoieli\u201d, \u00eenc\u00e2t nu este sigur dac\u0103 aceste rapoarte vor ajuta.\u00a0<\/p>","protected":false},"excerpt":{"rendered":"<p>Poli\u021bia \u0219i echipele SWAT au \u00eenchis drumurile care duc c\u0103tre campusul unde se afl\u0103 sediul&hellip;<\/p>\n","protected":false},"author":0,"featured_media":40785,"comment_status":"open","ping_status":"open","sticky":false,"template":"","format":"standard","meta":{"footnotes":""},"categories":[2],"tags":[],"class_list":["post-40790","post","type-post","status-publish","format-standard","has-post-thumbnail","hentry","category-actual"],"_links":{"self":[{"href":"https:\/\/247stiri.ro\/index.php\/wp-json\/wp\/v2\/posts\/40790","targetHints":{"allow":["GET"]}}],"collection":[{"href":"https:\/\/247stiri.ro\/index.php\/wp-json\/wp\/v2\/posts"}],"about":[{"href":"https:\/\/247stiri.ro\/index.php\/wp-json\/wp\/v2\/types\/post"}],"replies":[{"embeddable":true,"href":"https:\/\/247stiri.ro\/index.php\/wp-json\/wp\/v2\/comments?post=40790"}],"version-history":[{"count":0,"href":"https:\/\/247stiri.ro\/index.php\/wp-json\/wp\/v2\/posts\/40790\/revisions"}],"wp:featuredmedia":[{"embeddable":true,"href":"https:\/\/247stiri.ro\/index.php\/wp-json\/wp\/v2\/media\/40785"}],"wp:attachment":[{"href":"https:\/\/247stiri.ro\/index.php\/wp-json\/wp\/v2\/media?parent=40790"}],"wp:term":[{"taxonomy":"category","embeddable":true,"href":"https:\/\/247stiri.ro\/index.php\/wp-json\/wp\/v2\/categories?post=40790"},{"taxonomy":"post_tag","embeddable":true,"href":"https:\/\/247stiri.ro\/index.php\/wp-json\/wp\/v2\/tags?post=40790"}],"curies":[{"name":"wp","href":"https:\/\/api.w.org\/{rel}","templated":true}]}}