{"id":40801,"date":"2025-03-19T17:45:41","date_gmt":"2025-03-19T17:45:41","guid":{"rendered":"https:\/\/247stiri.ro\/index.php\/2025\/03\/19\/descoperire-socanta-in-suceava-o-mama-si-a-gasit-fiul-de-29-de-ani-mort-in-casa\/"},"modified":"2025-03-19T17:45:41","modified_gmt":"2025-03-19T17:45:41","slug":"descoperire-socanta-in-suceava-o-mama-si-a-gasit-fiul-de-29-de-ani-mort-in-casa","status":"publish","type":"post","link":"https:\/\/247stiri.ro\/index.php\/2025\/03\/19\/descoperire-socanta-in-suceava-o-mama-si-a-gasit-fiul-de-29-de-ani-mort-in-casa\/","title":{"rendered":"Descoperire \u0219ocant\u0103 \u00een Suceava. O mam\u0103 \u0219i-a g\u0103sit fiul de 29 de ani mort \u00een cas\u0103"},"content":{"rendered":"<p>Descoperirea \u0219ocant\u0103 a fost f\u0103cut\u0103 mar\u021bi sear\u0103, \u00een jurul orei 21:15, iar la scurt timp dup\u0103 ce \u0219i-a g\u0103sit fiul f\u0103r\u0103 via\u021b\u0103, biata femeie a alertat autorit\u0103\u021bile.\u00a0<\/p>\n<p>Imediat, la fa\u021ba locului s-au deplasat mai multe echipaje de poli\u021bie, dar \u0219i o ambulan\u021b\u0103, \u00eens\u0103 din p\u0103cate, pentru t\u00e2n\u0103rul de 29 de ani nu s-a mai putut face nimic. Acesta a murit, dup\u0103 ce s-a intoxicat cu<a href=\"https:\/\/www.realitatea.net\/stiri\/actual\/incident-grav-in-sibiu-doi-adulti-si-un-copil-sau-intoxicat-cu-monoxid-de-carbon-in-propria-locuinta_67daf6dd68a1ba03657960e2\" target=\"_blank\"> monoxidul de carbon<\/a> produs de un generator.\u00a0<\/p>\n<p>\u00cempietrit\u0103 de durere, femeia le-a povestit oamenilor legii c\u0103 t\u00e2n\u0103rul nu i-a r\u0103spuns toat\u0103 ziua la telefon, a\u0219a c\u0103 a decis s\u0103 se deplaseze p\u00e2n\u0103 la locuin\u021ba sa, pentru a afla ce s-a \u00eent\u00e2mplat.\u00a0<\/p>\n<p>C\u00e2nd a v\u0103zut c\u0103 nu r\u0103spunde, aceasta a for\u021bat u\u0219a de la intrare, iar imediat dup\u0103 ce a p\u0103rtuns \u00een locuin\u021b\u0103 a sim\u021bit un miros \u00een\u021bep\u0103tor de gaz.<\/p>\n<p>\u00cen urma cercet\u0103rilor efectuate la locul tragediei, oamenii legii au descoperit \u00een camera de l\u00e2ng\u0103 buc\u0103t\u0103rie un generator, care \u00eenc\u0103 fun\u021biona \u00een momentul \u00een care femeia a alertat autorit\u0103\u021bile, scrie monitorulsv.ro.\u00a0<\/p>\n<p>Totodat\u0103, poli\u021bi\u0219tii suceveni au anun\u021bat c\u0103 nu au g\u0103sit urme de r\u0103v\u0103\u0219ire \u00een cas\u0103 \u0219i nici urme de violen\u021b\u0103 pe trupul ne\u00eensufle\u021bit al b\u0103rbatului de 29 de ani.\u00a0<\/p>\n<p>Cadavrul t\u00e2n\u0103rului a fost transportat la Medicina Legal\u0103 \u00een vederea efectu\u0103rii necropsiei care va stabili cu exactitate ce a provocat moartea acestuia.\u00a0<\/p>","protected":false},"excerpt":{"rendered":"<p>Descoperirea \u0219ocant\u0103 a fost f\u0103cut\u0103 mar\u021bi sear\u0103, \u00een jurul orei 21:15, iar la scurt timp&hellip;<\/p>\n","protected":false},"author":0,"featured_media":40802,"comment_status":"open","ping_status":"open","sticky":false,"template":"","format":"standard","meta":{"footnotes":""},"categories":[2],"tags":[],"class_list":["post-40801","post","type-post","status-publish","format-standard","has-post-thumbnail","hentry","category-actual"],"_links":{"self":[{"href":"https:\/\/247stiri.ro\/index.php\/wp-json\/wp\/v2\/posts\/40801","targetHints":{"allow":["GET"]}}],"collection":[{"href":"https:\/\/247stiri.ro\/index.php\/wp-json\/wp\/v2\/posts"}],"about":[{"href":"https:\/\/247stiri.ro\/index.php\/wp-json\/wp\/v2\/types\/post"}],"replies":[{"embeddable":true,"href":"https:\/\/247stiri.ro\/index.php\/wp-json\/wp\/v2\/comments?post=40801"}],"version-history":[{"count":0,"href":"https:\/\/247stiri.ro\/index.php\/wp-json\/wp\/v2\/posts\/40801\/revisions"}],"wp:featuredmedia":[{"embeddable":true,"href":"https:\/\/247stiri.ro\/index.php\/wp-json\/wp\/v2\/media\/40802"}],"wp:attachment":[{"href":"https:\/\/247stiri.ro\/index.php\/wp-json\/wp\/v2\/media?parent=40801"}],"wp:term":[{"taxonomy":"category","embeddable":true,"href":"https:\/\/247stiri.ro\/index.php\/wp-json\/wp\/v2\/categories?post=40801"},{"taxonomy":"post_tag","embeddable":true,"href":"https:\/\/247stiri.ro\/index.php\/wp-json\/wp\/v2\/tags?post=40801"}],"curies":[{"name":"wp","href":"https:\/\/api.w.org\/{rel}","templated":true}]}}